{"id":232900,"date":"2023-05-23T15:48:46","date_gmt":"2023-05-23T18:48:46","guid":{"rendered":"https:\/\/www.redenoticia.com.br\/noticia\/?p=232900"},"modified":"2023-05-23T15:48:46","modified_gmt":"2023-05-23T18:48:46","slug":"resumo-a-infancia-de-romeu-e-julieta-24-05-trapaca-e-fe-dengosa-sujam-a-pracinha","status":"publish","type":"post","link":"https:\/\/migracao.redenoticia.com.br\/noticia\/2023\/resumo-a-infancia-de-romeu-e-julieta-24-05-trapaca-e-fe-dengosa-sujam-a-pracinha\/232900","title":{"rendered":"Resumo \u201cA Inf\u00e2ncia de Romeu e Julieta\u201d 24\/05: Trapa\u00e7a e F\u00ea Dengosa sujam a pracinha"},"content":{"rendered":"<p> <img loading=\"lazy\" decoding=\"async\" src=\"https:\/\/migracao.redenoticia.com.br\/noticia\/imagens\/novela-romeu-e-julieta-sbt-elenco-resumo.jpg\" alt=\"\" width=\"1280\" height=\"720\" class=\"aligncenter size-full wp-image-232242\" srcset=\"https:\/\/migracao.redenoticia.com.br\/noticia\/imagens\/novela-romeu-e-julieta-sbt-elenco-resumo.jpg 1280w, https:\/\/migracao.redenoticia.com.br\/noticia\/imagens\/novela-romeu-e-julieta-sbt-elenco-resumo-250x140.jpg 250w, https:\/\/migracao.redenoticia.com.br\/noticia\/imagens\/novela-romeu-e-julieta-sbt-elenco-resumo-400x225.jpg 400w, https:\/\/migracao.redenoticia.com.br\/noticia\/imagens\/novela-romeu-e-julieta-sbt-elenco-resumo-768x432.jpg 768w, https:\/\/migracao.redenoticia.com.br\/noticia\/imagens\/novela-romeu-e-julieta-sbt-elenco-resumo-150x84.jpg 150w\" sizes=\"auto, (max-width: 1280px) 100vw, 1280px\" \/><\/p>\n<p><strong><em>Resumo da novela \u201cA Inf\u00e2ncia de Romeu e Julieta\u201d<\/em><\/strong> em 24\/05: no cap\u00edtulo 013(*) da novela, na pracinha, Alex e T\u00e9o defendem Ian, Nath e Ellen da gangue Pedalzera. Vitor furta dinheiro do caixa do Armaz\u00e9m. Fausto apresenta o projeto de cultura para H\u00e9lio, mas H\u00e9lio declara que n\u00e3o tem investimento para isso. H\u00e9lio sugere para Fausto escrever uma obra sobre o bairro Castanheiras. Enzo faz uma entrevista de emprego para uma empresa de contabilidade. <\/p>\n<p>Mais tarde, na pra\u00e7a central, os amigos do Lado Vila se trombam com o Lado Torre e brigam feio. Mari e Amanda escutam a gritaria e separam as crian\u00e7as. Mari olha diretamente para Romeu e lembra do passado. Amanda sugere que eles disputem o banco da pra\u00e7a por uma semana com uma competi\u00e7\u00e3o esportiva no CEC.<\/p>\n<p>Os dois lados de Castanheiras acrescentam que o time perdedor deve postar foto nas redes sociais citando coisas positivas do time vencedor. H\u00e9lio aconselha \u00e0s crian\u00e7as que joguem Base 4 para disputar o banco. Na Monter Mercado, Bass\u00e2nio pede desculpa para P\u00f3rcia. P\u00f3rcia escreve em um caderno para se comunicar com ele, por\u00e9m, Bass\u00e2nio n\u00e3o sabe ler. P\u00f3rcia menciona que sabe ler l\u00e1bios. Mari diz para Vitor que sumiu metade do dinheiro no caixa do Armaz\u00e9m, mas Vitor expressa que n\u00e3o foi ele que pegou. <\/p>\n<p>Clara nota que Vitor est\u00e1 com rel\u00f3gio novo, e Mari afirma que ele comprou o objeto com o dinheiro que roubou do Armaz\u00e9m. Mari exp\u00f5e que se Vitor tomar alguma atitude indesejada novamente, ele vai sair da empresa. Vitor continua negando e lembra que tamb\u00e9m \u00e9 s\u00f3cio do Armaz\u00e9m. Dimitri, Chilique e Muke v\u00e3o at\u00e9 o CEC para jogar vaselina na quadra e armar contra T\u00e9o e Alex. Trapa\u00e7a e F\u00ea Dengosa sujam a pracinha de Nath, Ellen e Ian.<\/p>\n<p>(*) edi\u00e7\u00e3o das novelas do SBT, \u201cA Inf\u00e2ncia de Romeu e Julieta\u201d, sujeito a altera\u00e7\u00e3o de data e conte\u00fado.<\/p>\n<p>Sinopse \u201cA Inf\u00e2ncia de Romeu e Julieta\u201d: A Trama se passa no bairro chamado castanheiras, em que duas fam\u00edlias com propostas diferentes para esse bairro vivem em disc\u00f3rdia, sendo divididas entre os lados Torre (Campos) e Vila (Monteiro).[6] Entretanto, Romeu (Miguel \u00c2ngelo) e Julieta (Vitt\u00f3ria Seixas) se conhecem, da\u00ed em diante, as fam\u00edlias rivais t\u00eam uma nova oportunidade de trazer paz e uni\u00e3o entre o conv\u00edvio deles. <\/p>\n<p>Romeu e Julieta n\u00e3o sabem como v\u00e3o fazer para ficarem juntos. A not\u00edcia do romance chega \u00e0s fam\u00edlias, que n\u00e3o gostam nada da hist\u00f3ria e tratam de afasta-los imediatamente, aprontando v\u00e1rias situa\u00e7\u00f5es. Romeu e Julieta querem acabar com essa hostilidade e tentam ir atr\u00e1s de uma solu\u00e7\u00e3o, mas ao descobrirem mais sobre a hist\u00f3ria de seus pais, percebem que pode ser imposs\u00edvel.<\/p>\n","protected":false},"excerpt":{"rendered":"<p>Resumo da novela \u201cA Inf\u00e2ncia de Romeu e Julieta\u201d em 24\/05: no cap\u00edtulo 013(*) da novela, na pracinha, Alex e T\u00e9o defendem Ian, Nath e Ellen da gangue Pedalzera. Vitor furta dinheiro do caixa do Armaz\u00e9m. Fausto apresenta o projeto de cultura para H\u00e9lio, mas H\u00e9lio declara que n\u00e3o tem investimento para isso. H\u00e9lio sugere [&hellip;]<\/p>\n","protected":false},"author":3,"featured_media":232241,"comment_status":"closed","ping_status":"closed","sticky":false,"template":"","format":"standard","meta":{"tdm_status":"","tdm_grid_status":"","footnotes":""},"categories":[2306,379,2025,372,343],"tags":[441],"class_list":{"0":"post-232900","1":"post","2":"type-post","3":"status-publish","4":"format-standard","5":"has-post-thumbnail","7":"category-novela-romeu-e-julieta","8":"category-novelas","9":"category-resumo","10":"category-sbt","11":"category-televisao","12":"tag-resumo-do-dia"},"_links":{"self":[{"href":"https:\/\/migracao.redenoticia.com.br\/noticia\/wp-json\/wp\/v2\/posts\/232900","targetHints":{"allow":["GET"]}}],"collection":[{"href":"https:\/\/migracao.redenoticia.com.br\/noticia\/wp-json\/wp\/v2\/posts"}],"about":[{"href":"https:\/\/migracao.redenoticia.com.br\/noticia\/wp-json\/wp\/v2\/types\/post"}],"author":[{"embeddable":true,"href":"https:\/\/migracao.redenoticia.com.br\/noticia\/wp-json\/wp\/v2\/users\/3"}],"replies":[{"embeddable":true,"href":"https:\/\/migracao.redenoticia.com.br\/noticia\/wp-json\/wp\/v2\/comments?post=232900"}],"version-history":[{"count":0,"href":"https:\/\/migracao.redenoticia.com.br\/noticia\/wp-json\/wp\/v2\/posts\/232900\/revisions"}],"wp:featuredmedia":[{"embeddable":true,"href":"https:\/\/migracao.redenoticia.com.br\/noticia\/wp-json\/wp\/v2\/media\/232241"}],"wp:attachment":[{"href":"https:\/\/migracao.redenoticia.com.br\/noticia\/wp-json\/wp\/v2\/media?parent=232900"}],"wp:term":[{"taxonomy":"category","embeddable":true,"href":"https:\/\/migracao.redenoticia.com.br\/noticia\/wp-json\/wp\/v2\/categories?post=232900"},{"taxonomy":"post_tag","embeddable":true,"href":"https:\/\/migracao.redenoticia.com.br\/noticia\/wp-json\/wp\/v2\/tags?post=232900"}],"curies":[{"name":"wp","href":"https:\/\/api.w.org\/{rel}","templated":true}]}}