{"id":232939,"date":"2023-05-24T14:07:26","date_gmt":"2023-05-24T17:07:26","guid":{"rendered":"https:\/\/www.redenoticia.com.br\/noticia\/?p=232939"},"modified":"2023-05-24T14:07:26","modified_gmt":"2023-05-24T17:07:26","slug":"resumo-a-infancia-de-romeu-e-julieta-25-05-juli-e-romeu-se-esbarram-no-jardim","status":"publish","type":"post","link":"https:\/\/migracao.redenoticia.com.br\/noticia\/2023\/resumo-a-infancia-de-romeu-e-julieta-25-05-juli-e-romeu-se-esbarram-no-jardim\/232939","title":{"rendered":"Resumo \u201cA Inf\u00e2ncia de Romeu e Julieta\u201d 25\/05: Juli e Romeu se esbarram no jardim"},"content":{"rendered":"<p> <img loading=\"lazy\" decoding=\"async\" src=\"https:\/\/migracao.redenoticia.com.br\/noticia\/imagens\/novela-romeu-e-julieta-sbt-elenco-resumo.jpg\" alt=\"\" width=\"1280\" height=\"720\" class=\"aligncenter size-full wp-image-232242\" srcset=\"https:\/\/migracao.redenoticia.com.br\/noticia\/imagens\/novela-romeu-e-julieta-sbt-elenco-resumo.jpg 1280w, https:\/\/migracao.redenoticia.com.br\/noticia\/imagens\/novela-romeu-e-julieta-sbt-elenco-resumo-250x140.jpg 250w, https:\/\/migracao.redenoticia.com.br\/noticia\/imagens\/novela-romeu-e-julieta-sbt-elenco-resumo-400x225.jpg 400w, https:\/\/migracao.redenoticia.com.br\/noticia\/imagens\/novela-romeu-e-julieta-sbt-elenco-resumo-768x432.jpg 768w, https:\/\/migracao.redenoticia.com.br\/noticia\/imagens\/novela-romeu-e-julieta-sbt-elenco-resumo-150x84.jpg 150w\" sizes=\"auto, (max-width: 1280px) 100vw, 1280px\" \/><\/p>\n<p><strong><em>Resumo da novela \u201cA Inf\u00e2ncia de Romeu e Julieta\u201d<\/em><\/strong> em 25\/05: no cap\u00edtulo 014(*) da novela, A gangue Pedalzera elogia o plano de sucesso do Rodinha e d\u00e3o um novo apelido para o novato: Cr\u00e2nio. Nath, Ian e Ellen visitam a estufa de Clara. As crian\u00e7as encontram com Lorenzo, o papagaio de estima\u00e7\u00e3o de Clara. <\/p>\n<p>Despropositadamente, Julieta e Romeu se esbarram no jardim da fonte. Romeu pede desculpa por n\u00e3o conseguir se encontrar com Julieta outro dia, eles resolvem o impasse e se desbloqueiam nas redes sociais. Leandro declara \u00e0 fam\u00edlia que deseja fazer um condom\u00ednio da Monter Holding do Lado Vila. Romeu conta para Julieta que ele e Rosalina s\u00f3 t\u00eam amizade. Julieta diz o mesmo sobre a rela\u00e7\u00e3o com Patrick. Romeu sugere que eles mantenham a amizade em segredo e que finjam provoca\u00e7\u00f5es na frente dos amigos.<\/p>\n<p>Ian, Nath e Ellen acham que Clara \u00e9 uma bruxa fazendo po\u00e7\u00e3o enquanto, na verdade, ela faz perfume. Nath reconhece a dona Clara. Glaucia se voluntaria para administrar o novo condom\u00ednio, mas Leandro alega que pode pensar no caso se a filha se sair bem como gerente na Monter Mercado. H\u00e9lio v\u00ea reportagem sobre o futuro empreendimento dos Monteiro no Lado Vila e fica assustado. Daniel continua conversando com Julieta sobre o passado e relembra quando Mari saiu da pris\u00e3o. <\/p>\n<p>Daniel fala que no momento notou que Mari n\u00e3o era a mesma pessoa e que, talvez, nunca voltaria a ser. Julieta pergunta para Daniel o motivo dele e da m\u00e3e se separaram e questiona se eles v\u00e3o voltar um dia. Romeu pergunta para Vera se o lance do sequestro praticado por Mariana n\u00e3o foi um mal-entendido. Ela nega. Na Monter Mercado, Vitor encontra com P\u00f3rcia. Leandro convida Telma para seu escrit\u00f3rio e faz proposta de comprar a casa dela.<\/p>\n<p>(*) edi\u00e7\u00e3o das novelas do SBT, \u201cA Inf\u00e2ncia de Romeu e Julieta\u201d, sujeito a altera\u00e7\u00e3o de data e conte\u00fado.<\/p>\n<p>Sinopse \u201cA Inf\u00e2ncia de Romeu e Julieta\u201d: A Trama se passa no bairro chamado castanheiras, em que duas fam\u00edlias com propostas diferentes para esse bairro vivem em disc\u00f3rdia, sendo divididas entre os lados Torre (Campos) e Vila (Monteiro).[6] Entretanto, Romeu (Miguel \u00c2ngelo) e Julieta (Vitt\u00f3ria Seixas) se conhecem, da\u00ed em diante, as fam\u00edlias rivais t\u00eam uma nova oportunidade de trazer paz e uni\u00e3o entre o conv\u00edvio deles. <\/p>\n<p>Romeu e Julieta n\u00e3o sabem como v\u00e3o fazer para ficarem juntos. A not\u00edcia do romance chega \u00e0s fam\u00edlias, que n\u00e3o gostam nada da hist\u00f3ria e tratam de afasta-los imediatamente, aprontando v\u00e1rias situa\u00e7\u00f5es. Romeu e Julieta querem acabar com essa hostilidade e tentam ir atr\u00e1s de uma solu\u00e7\u00e3o, mas ao descobrirem mais sobre a hist\u00f3ria de seus pais, percebem que pode ser imposs\u00edvel.<\/p>\n","protected":false},"excerpt":{"rendered":"<p>Resumo da novela \u201cA Inf\u00e2ncia de Romeu e Julieta\u201d em 25\/05: no cap\u00edtulo 014(*) da novela, A gangue Pedalzera elogia o plano de sucesso do Rodinha e d\u00e3o um novo apelido para o novato: Cr\u00e2nio. Nath, Ian e Ellen visitam a estufa de Clara. As crian\u00e7as encontram com Lorenzo, o papagaio de estima\u00e7\u00e3o de Clara. [&hellip;]<\/p>\n","protected":false},"author":4,"featured_media":232241,"comment_status":"closed","ping_status":"closed","sticky":false,"template":"","format":"standard","meta":{"tdm_status":"","tdm_grid_status":"","footnotes":""},"categories":[2306,379,2025,372,343],"tags":[441],"class_list":{"0":"post-232939","1":"post","2":"type-post","3":"status-publish","4":"format-standard","5":"has-post-thumbnail","7":"category-novela-romeu-e-julieta","8":"category-novelas","9":"category-resumo","10":"category-sbt","11":"category-televisao","12":"tag-resumo-do-dia"},"_links":{"self":[{"href":"https:\/\/migracao.redenoticia.com.br\/noticia\/wp-json\/wp\/v2\/posts\/232939","targetHints":{"allow":["GET"]}}],"collection":[{"href":"https:\/\/migracao.redenoticia.com.br\/noticia\/wp-json\/wp\/v2\/posts"}],"about":[{"href":"https:\/\/migracao.redenoticia.com.br\/noticia\/wp-json\/wp\/v2\/types\/post"}],"author":[{"embeddable":true,"href":"https:\/\/migracao.redenoticia.com.br\/noticia\/wp-json\/wp\/v2\/users\/4"}],"replies":[{"embeddable":true,"href":"https:\/\/migracao.redenoticia.com.br\/noticia\/wp-json\/wp\/v2\/comments?post=232939"}],"version-history":[{"count":0,"href":"https:\/\/migracao.redenoticia.com.br\/noticia\/wp-json\/wp\/v2\/posts\/232939\/revisions"}],"wp:featuredmedia":[{"embeddable":true,"href":"https:\/\/migracao.redenoticia.com.br\/noticia\/wp-json\/wp\/v2\/media\/232241"}],"wp:attachment":[{"href":"https:\/\/migracao.redenoticia.com.br\/noticia\/wp-json\/wp\/v2\/media?parent=232939"}],"wp:term":[{"taxonomy":"category","embeddable":true,"href":"https:\/\/migracao.redenoticia.com.br\/noticia\/wp-json\/wp\/v2\/categories?post=232939"},{"taxonomy":"post_tag","embeddable":true,"href":"https:\/\/migracao.redenoticia.com.br\/noticia\/wp-json\/wp\/v2\/tags?post=232939"}],"curies":[{"name":"wp","href":"https:\/\/api.w.org\/{rel}","templated":true}]}}