{"id":233030,"date":"2023-05-26T15:10:31","date_gmt":"2023-05-26T18:10:31","guid":{"rendered":"https:\/\/www.redenoticia.com.br\/noticia\/?p=233030"},"modified":"2023-05-26T20:00:26","modified_gmt":"2023-05-26T23:00:26","slug":"resumo-vai-na-fe-27-05-vanessa-conta-para-orfeu-que-ben-quer-processar-theo","status":"publish","type":"post","link":"https:\/\/migracao.redenoticia.com.br\/noticia\/2023\/resumo-vai-na-fe-27-05-vanessa-conta-para-orfeu-que-ben-quer-processar-theo\/233030","title":{"rendered":"Resumo \u201cVai na F\u00e9\u201d 27\/05: Vanessa conta segredo de Ben para Orfeu"},"content":{"rendered":"<p> <img loading=\"lazy\" decoding=\"async\" class=\"aligncenter size-full wp-image-228023\" src=\"https:\/\/migracao.redenoticia.com.br\/noticia\/imagens\/vai-na-fe-elenco-resumo-personagens.jpg\" alt=\"\" width=\"1280\" height=\"720\" srcset=\"https:\/\/migracao.redenoticia.com.br\/noticia\/imagens\/vai-na-fe-elenco-resumo-personagens.jpg 1280w, https:\/\/migracao.redenoticia.com.br\/noticia\/imagens\/vai-na-fe-elenco-resumo-personagens-250x140.jpg 250w, https:\/\/migracao.redenoticia.com.br\/noticia\/imagens\/vai-na-fe-elenco-resumo-personagens-400x225.jpg 400w, https:\/\/migracao.redenoticia.com.br\/noticia\/imagens\/vai-na-fe-elenco-resumo-personagens-768x432.jpg 768w, https:\/\/migracao.redenoticia.com.br\/noticia\/imagens\/vai-na-fe-elenco-resumo-personagens-150x84.jpg 150w\" sizes=\"auto, (max-width: 1280px) 100vw, 1280px\" \/><\/p>\n<p><strong><em>Resumo da novela \u201cVai na F\u00e9\u201d<\/em><\/strong> em 27\/05: no cap\u00edtulo 114(*) da novela, Sol acolhe Jenifer. Jairo surpreende Bruna. Ben tenta convencer Vanessa a denunciar Theo. Sol se preocupa ao saber que Jenifer est\u00e1 tentando processar Theo. Dora se encanta ao ver F\u00e1bio atuar com Wilma e \u00c9rika. Hugo e Jenifer come\u00e7am a namorar. O cinegrafista filma Dora e Wilma tendo uma conversa decisiva. <\/p>\n<p>Sol observa Jenifer e Hugo namorando. Lui se aconselha com Wilma. Vanessa conta para Orfeu que Ben quer processar Theo. Sol implora que Jenifer pare de investigar os crimes de Theo. Orfeu amea\u00e7a Vanessa. Kate implica com Jenifer e Hugo. Orfeu avisa a Theo que Ben quer process\u00e1-lo. Wilma ironiza a ideia de F\u00e1bio de construir um teatro no Ref\u00fagio. Vitinho chama Anthony para participar do reality. Orfeu exige que Hugo conven\u00e7a Jenifer a desistir de processar Theo. Wilma insinua a Lui que F\u00e1bio n\u00e3o \u00e9 seu pai.<\/p>\n<p>(*) edi\u00e7\u00e3o das novelas da Globo, \u201cVai na F\u00e9\u201d, sujeito a altera\u00e7\u00e3o de data e conte\u00fado.<\/p>\n<p>Sinopse \u201cVai na F\u00e9\u201d: Sol abandonou o sonho de ser cantora para se tornar evang\u00e9lica e casar com Carl\u00e3o, por\u00e9m, 20 anos depois, a vida lhe d\u00e1 uma nova chance quando ela recebe o convite para ser backing vocal do cantor decadente Lui Lorenzo ao ser descoberta cantando para vender marmitas no centro do Rio de Janeiro.<\/p>\n<p>Com duas filhas para criar e o marido desempregado, ela aceita, por\u00e9m a decis\u00e3o vira sua vida do avesso: ela ganha cada vez mais fama e passa a ser hostilizada na igreja, al\u00e9m de enfrentar a paix\u00e3o de Lui e o reencontro com Ben, seu grande amor de juventude que nunca a esqueceu. Filha de Sol, Jeniffer ganha uma bolsa de estudos numa conceituada faculdade, onde tem de enfrentar as persegui\u00e7\u00f5es da preconceituosa influenciadora digital Guiga e a paix\u00e3o de Yuri, apesar dela namorar Tato.<\/p>\n","protected":false},"excerpt":{"rendered":"<p>Resumo da novela \u201cVai na F\u00e9\u201d em 27\/05: no cap\u00edtulo 114(*) da novela, Sol acolhe Jenifer. Jairo surpreende Bruna. Ben tenta convencer Vanessa a denunciar Theo. Sol se preocupa ao saber que Jenifer est\u00e1 tentando processar Theo. Dora se encanta ao ver F\u00e1bio atuar com Wilma e \u00c9rika. Hugo e Jenifer come\u00e7am a namorar. O [&hellip;]<\/p>\n","protected":false},"author":2,"featured_media":228022,"comment_status":"closed","ping_status":"closed","sticky":false,"template":"","format":"standard","meta":{"tdm_status":"","tdm_grid_status":"","footnotes":""},"categories":[379,375,2025,343,2294],"tags":[441],"class_list":{"0":"post-233030","1":"post","2":"type-post","3":"status-publish","4":"format-standard","5":"has-post-thumbnail","7":"category-novelas","8":"category-rede-globo","9":"category-resumo","10":"category-televisao","11":"category-vai-na-fe","12":"tag-resumo-do-dia"},"_links":{"self":[{"href":"https:\/\/migracao.redenoticia.com.br\/noticia\/wp-json\/wp\/v2\/posts\/233030","targetHints":{"allow":["GET"]}}],"collection":[{"href":"https:\/\/migracao.redenoticia.com.br\/noticia\/wp-json\/wp\/v2\/posts"}],"about":[{"href":"https:\/\/migracao.redenoticia.com.br\/noticia\/wp-json\/wp\/v2\/types\/post"}],"author":[{"embeddable":true,"href":"https:\/\/migracao.redenoticia.com.br\/noticia\/wp-json\/wp\/v2\/users\/2"}],"replies":[{"embeddable":true,"href":"https:\/\/migracao.redenoticia.com.br\/noticia\/wp-json\/wp\/v2\/comments?post=233030"}],"version-history":[{"count":0,"href":"https:\/\/migracao.redenoticia.com.br\/noticia\/wp-json\/wp\/v2\/posts\/233030\/revisions"}],"wp:featuredmedia":[{"embeddable":true,"href":"https:\/\/migracao.redenoticia.com.br\/noticia\/wp-json\/wp\/v2\/media\/228022"}],"wp:attachment":[{"href":"https:\/\/migracao.redenoticia.com.br\/noticia\/wp-json\/wp\/v2\/media?parent=233030"}],"wp:term":[{"taxonomy":"category","embeddable":true,"href":"https:\/\/migracao.redenoticia.com.br\/noticia\/wp-json\/wp\/v2\/categories?post=233030"},{"taxonomy":"post_tag","embeddable":true,"href":"https:\/\/migracao.redenoticia.com.br\/noticia\/wp-json\/wp\/v2\/tags?post=233030"}],"curies":[{"name":"wp","href":"https:\/\/api.w.org\/{rel}","templated":true}]}}