{"id":233106,"date":"2023-05-28T12:18:17","date_gmt":"2023-05-28T15:18:17","guid":{"rendered":"https:\/\/www.redenoticia.com.br\/noticia\/?p=233106"},"modified":"2023-05-28T12:18:17","modified_gmt":"2023-05-28T15:18:17","slug":"resumo-a-infancia-de-romeu-e-julieta-29-05-vila-e-torre-disputam-banco-da-praca","status":"publish","type":"post","link":"https:\/\/migracao.redenoticia.com.br\/noticia\/2023\/resumo-a-infancia-de-romeu-e-julieta-29-05-vila-e-torre-disputam-banco-da-praca\/233106","title":{"rendered":"Resumo \u201cA Inf\u00e2ncia de Romeu e Julieta\u201d 29\/05: Vila e Torre disputam banco da pra\u00e7a"},"content":{"rendered":"<p> <img loading=\"lazy\" decoding=\"async\" src=\"https:\/\/migracao.redenoticia.com.br\/noticia\/imagens\/novela-romeu-e-julieta-sbt-elenco-resumo.jpg\" alt=\"\" width=\"1280\" height=\"720\" class=\"aligncenter size-full wp-image-232242\" srcset=\"https:\/\/migracao.redenoticia.com.br\/noticia\/imagens\/novela-romeu-e-julieta-sbt-elenco-resumo.jpg 1280w, https:\/\/migracao.redenoticia.com.br\/noticia\/imagens\/novela-romeu-e-julieta-sbt-elenco-resumo-250x140.jpg 250w, https:\/\/migracao.redenoticia.com.br\/noticia\/imagens\/novela-romeu-e-julieta-sbt-elenco-resumo-400x225.jpg 400w, https:\/\/migracao.redenoticia.com.br\/noticia\/imagens\/novela-romeu-e-julieta-sbt-elenco-resumo-768x432.jpg 768w, https:\/\/migracao.redenoticia.com.br\/noticia\/imagens\/novela-romeu-e-julieta-sbt-elenco-resumo-150x84.jpg 150w\" sizes=\"auto, (max-width: 1280px) 100vw, 1280px\" \/><\/p>\n<p><strong><em>Resumo da novela \u201cA Inf\u00e2ncia de Romeu e Julieta\u201d<\/em><\/strong> em 29\/05: no cap\u00edtulo 016(*) da novela, na disputa pelo banco da pra\u00e7a central por uma semana, o Lado Vila ganha o jogo contra o Lado Torre. Al\u00e9m do espa\u00e7o da pra\u00e7a, uma foto dos perdedores elogiando os vencedores nas redes sociais foi combinado. Alex se recusa a tirar a foto dos perdedores, mas Romeu diz que ele precisa cumprir. H\u00e9lio convida R\u00f4mulo (nome que Romeu usa para se esconder dos parentes e amigos de Julieta) para a sala dele; H\u00e9lio alega que o garoto tem potencial nos esportes e prop\u00f5e que ele treine no CEC. Atrav\u00e9s das c\u00e2meras de seguran\u00e7a, Glaucia e Fred flagram Dimitri com a gangue Pedalzera aprontando no mercado. <\/p>\n<p>Bernardo diz a Leandro que construir no Lado Vila \u00e9 provoca\u00e7\u00e3o \u00e0 fam\u00edlia Campos e que se for agir assim, ele est\u00e1 fora do neg\u00f3cio. Julieta encontra novamente com Romeu na fonte, Romeu revela a Julieta que a fam\u00edlia dele n\u00e3o vai gostar se ele anunciar que vai treinar no CEC, mas que pretende dar um jeito. Patrick, T\u00e9o e L\u00edvia v\u00e3o at\u00e9 uma sorveteria localizada no Lado Torre e obrigam os rivais a postarem a foto da derrota. Glaucia comenta com Dimitri que viu ele com a gangue Pedalzera; Dimitri questiona o motivo da m\u00e3e pegar no p\u00e9 dele, j\u00e1 que ela nunca pensa no filho. <\/p>\n<p>Clara diz para Mariana cogitar a volta de Vitor para o Armaz\u00e9m. Na Monter Holding, H\u00e9lio leva uma reclama\u00e7\u00e3o da associa\u00e7\u00e3o de moradores para Leandro. Enzo recebe uma proposta de emprego como contador da Monter. Patrick afirma a Alex que tem um v\u00eddeo constrangedor dele escorregando na quadra e que se n\u00e3o postar a foto da derrota, ele vai compartilhar o v\u00eddeo com todo mundo. As crian\u00e7as do Lado Torre aceitam publicar a foto. Em conversa com H\u00e9lio, Leandro diz que vai conseguir o terreno no Lado Vila para a constru\u00e7\u00e3o, n\u00e3o importa o que tenha que fazer; H\u00e9lio declara que vai convocar a assembleia do bairro para impedi-lo.<\/p>\n<p>(*) edi\u00e7\u00e3o das novelas do SBT, \u201cA Inf\u00e2ncia de Romeu e Julieta\u201d, sujeito a altera\u00e7\u00e3o de data e conte\u00fado.<\/p>\n<p>Sinopse \u201cA Inf\u00e2ncia de Romeu e Julieta\u201d: A Trama se passa no bairro chamado castanheiras, em que duas fam\u00edlias com propostas diferentes para esse bairro vivem em disc\u00f3rdia, sendo divididas entre os lados Torre (Campos) e Vila (Monteiro).[6] Entretanto, Romeu (Miguel \u00c2ngelo) e Julieta (Vitt\u00f3ria Seixas) se conhecem, da\u00ed em diante, as fam\u00edlias rivais t\u00eam uma nova oportunidade de trazer paz e uni\u00e3o entre o conv\u00edvio deles. <\/p>\n<p>Romeu e Julieta n\u00e3o sabem como v\u00e3o fazer para ficarem juntos. A not\u00edcia do romance chega \u00e0s fam\u00edlias, que n\u00e3o gostam nada da hist\u00f3ria e tratam de afasta-los imediatamente, aprontando v\u00e1rias situa\u00e7\u00f5es. Romeu e Julieta querem acabar com essa hostilidade e tentam ir atr\u00e1s de uma solu\u00e7\u00e3o, mas ao descobrirem mais sobre a hist\u00f3ria de seus pais, percebem que pode ser imposs\u00edvel.<\/p>\n","protected":false},"excerpt":{"rendered":"<p>Resumo da novela \u201cA Inf\u00e2ncia de Romeu e Julieta\u201d em 29\/05: no cap\u00edtulo 016(*) da novela, na disputa pelo banco da pra\u00e7a central por uma semana, o Lado Vila ganha o jogo contra o Lado Torre. Al\u00e9m do espa\u00e7o da pra\u00e7a, uma foto dos perdedores elogiando os vencedores nas redes sociais foi combinado. Alex se [&hellip;]<\/p>\n","protected":false},"author":5,"featured_media":232241,"comment_status":"closed","ping_status":"closed","sticky":false,"template":"","format":"standard","meta":{"tdm_status":"","tdm_grid_status":"","footnotes":""},"categories":[2306,379,2025,372,343],"tags":[441],"class_list":{"0":"post-233106","1":"post","2":"type-post","3":"status-publish","4":"format-standard","5":"has-post-thumbnail","7":"category-novela-romeu-e-julieta","8":"category-novelas","9":"category-resumo","10":"category-sbt","11":"category-televisao","12":"tag-resumo-do-dia"},"_links":{"self":[{"href":"https:\/\/migracao.redenoticia.com.br\/noticia\/wp-json\/wp\/v2\/posts\/233106","targetHints":{"allow":["GET"]}}],"collection":[{"href":"https:\/\/migracao.redenoticia.com.br\/noticia\/wp-json\/wp\/v2\/posts"}],"about":[{"href":"https:\/\/migracao.redenoticia.com.br\/noticia\/wp-json\/wp\/v2\/types\/post"}],"author":[{"embeddable":true,"href":"https:\/\/migracao.redenoticia.com.br\/noticia\/wp-json\/wp\/v2\/users\/5"}],"replies":[{"embeddable":true,"href":"https:\/\/migracao.redenoticia.com.br\/noticia\/wp-json\/wp\/v2\/comments?post=233106"}],"version-history":[{"count":0,"href":"https:\/\/migracao.redenoticia.com.br\/noticia\/wp-json\/wp\/v2\/posts\/233106\/revisions"}],"wp:featuredmedia":[{"embeddable":true,"href":"https:\/\/migracao.redenoticia.com.br\/noticia\/wp-json\/wp\/v2\/media\/232241"}],"wp:attachment":[{"href":"https:\/\/migracao.redenoticia.com.br\/noticia\/wp-json\/wp\/v2\/media?parent=233106"}],"wp:term":[{"taxonomy":"category","embeddable":true,"href":"https:\/\/migracao.redenoticia.com.br\/noticia\/wp-json\/wp\/v2\/categories?post=233106"},{"taxonomy":"post_tag","embeddable":true,"href":"https:\/\/migracao.redenoticia.com.br\/noticia\/wp-json\/wp\/v2\/tags?post=233106"}],"curies":[{"name":"wp","href":"https:\/\/api.w.org\/{rel}","templated":true}]}}