{"id":233114,"date":"2023-05-29T14:23:16","date_gmt":"2023-05-29T17:23:16","guid":{"rendered":"https:\/\/www.redenoticia.com.br\/noticia\/?p=233114"},"modified":"2023-05-29T14:23:16","modified_gmt":"2023-05-29T17:23:16","slug":"resumo-os-dez-mandamentos-30-05-ramses-da-um-tapa-em-nefertari","status":"publish","type":"post","link":"https:\/\/migracao.redenoticia.com.br\/noticia\/2023\/resumo-os-dez-mandamentos-30-05-ramses-da-um-tapa-em-nefertari\/233114","title":{"rendered":"Resumo \u201cOs Dez Mandamentos\u201d 30\/05: Rams\u00e9s d\u00e1 um tapa em Nefertari"},"content":{"rendered":"<p> <img loading=\"lazy\" decoding=\"async\" class=\"aligncenter size-full wp-image-230999\" src=\"https:\/\/migracao.redenoticia.com.br\/noticia\/imagens\/os_dez_mandamentos_resumo_novela.jpeg\" alt=\"\" width=\"1280\" height=\"720\" srcset=\"https:\/\/migracao.redenoticia.com.br\/noticia\/imagens\/os_dez_mandamentos_resumo_novela.jpeg 1280w, https:\/\/migracao.redenoticia.com.br\/noticia\/imagens\/os_dez_mandamentos_resumo_novela-250x140.jpeg 250w, https:\/\/migracao.redenoticia.com.br\/noticia\/imagens\/os_dez_mandamentos_resumo_novela-400x225.jpeg 400w, https:\/\/migracao.redenoticia.com.br\/noticia\/imagens\/os_dez_mandamentos_resumo_novela-768x432.jpeg 768w, https:\/\/migracao.redenoticia.com.br\/noticia\/imagens\/os_dez_mandamentos_resumo_novela-150x84.jpeg 150w\" sizes=\"auto, (max-width: 1280px) 100vw, 1280px\" \/><\/p>\n<p><strong><em>Resumo da novela \u201cOs Dez Mandamentos\u201d<\/em><\/strong> em 30\/05: no cap\u00edtulo 162(*) da novela, Rams\u00e9s com \u00f3dio pede para que Karoma saia do quarto. O fara\u00f3 questiona Nefertari se ela ainda ama Mois\u00e9s. Ela decide enfrentar o rei e diz que ele perdeu a guerra para Mois\u00e9s e que n\u00e3o faz nada para salvar a vida de Amenhotep. Rams\u00e9s perde a cabe\u00e7a e d\u00e1 um tapa na cara de Nefertari, que fica assustada e magoada. Karoma pede a Radina que ela chame Paser e pe\u00e7a para que o sumo sacerdote v\u00e1 at\u00e9 o quarto real. Tais cobra satisfa\u00e7\u00e3o de Meketre sobre a praga dos primog\u00eanitos. O eg\u00edpcio diz que ir\u00e1 falar com o fara\u00f3. Ana diz para Joquebede que pretende se livrar das roupas e joias eg\u00edpcias e adorar apenas ao Deus dos hebreus. Elas pedem que emprestem roupas hebreias e surpreende a todas. <\/p>\n<p>Atordoado, Rams\u00e9s se d\u00e1 conta de que Nefertari realmente nunca deixou de amar Mois\u00e9s. Paser conversa com Nefertari e diz que ela precisa reverter a situa\u00e7\u00e3o. O sacerdote pede para que a rainha v\u00e1 atr\u00e1s de Rams\u00e9s e converse com ele. Bak tenta conversar com Meketre a respeito da praga, mas \u00e9 escorra\u00e7ado pelo pai para choque das crian\u00e7as. Bak reage e diz que se n\u00e3o fizer nada, Hori pode morrer. Hori fica assustado com o que ouve. As crian\u00e7as voltam para casa e desabafam com a m\u00e3e Tais, dizendo que Bak tentou ajuda-los mas foi expulso por Meketre. Ana e Judite tiram todas as roupas, joias e maquiagens eg\u00edpcias e se tornam hebreias. Nefertari conversa com Rams\u00e9s e entram num acordo, mas a rainha permanece preocupada e insegura. Oseias fica ainda mais apaixonado ao ver Ana vestida de hebreia. <\/p>\n<p>Hur diz a Bezalel e Zelofeade que tentar\u00e1 falar com Uri mais uma vez e convenc\u00ea-lo a se proteger da d\u00e9cima praga. Apuki diz que est\u00e1 dividido entre acatar \u00e0s orienta\u00e7\u00f5es dos hebreus ou arriscar a vida de Jairo. Chibale e Gahiji ficam angustiados com a poss\u00edvel chegada da praga. Paser diz a Rams\u00e9s que a \u00fanica forma de interromper a praga \u00e9 permitir a sa\u00edda dos hebreus do Egito, mas o fara\u00f3 diz que isso n\u00e3o ir\u00e1 acontecer. Mois\u00e9s retorna \u00e0 vila trazendo os cordeiros. O libertador d\u00e1 as instru\u00e7\u00f5es aos hebreus dizendo o que devem fazer. Alguns dias se passam. Aliviado, Rams\u00e9s diz a Paser que os deuses os protegeram da praga. Bakenmut diz ao fara\u00f3 que Mois\u00e9s foi avistado liderando um grande n\u00famero de hebreus e trazendo cordeiros. Rams\u00e9s fica intrigado com a informa\u00e7\u00e3o.<\/p>\n<p>(*) edi\u00e7\u00e3o das novelas da Record, \u201cOs Dez Mandamentos\u201d, sujeito a altera\u00e7\u00e3o de data e conte\u00fado.<\/p>\n<p>Sinopse \u201cOs Dez Mandamentos\u201d: Mois\u00e9s um dia est\u00e1 a pastorear um rebanho quando recebe um chamado de Deus e o manda voltar ao Egito para que junto com seu irm\u00e3o Ar\u00e3o liberte todo o povo hebreu da escravid\u00e3o. Ao voltar para o Egito, Mois\u00e9s tem que enfrentar aquele que um dia considerou como um irm\u00e3o e agora se tornar\u00e1 seu pior inimigo. Somente ap\u00f3s as dez pragas do Egito Rams\u00e9s liberta o povo.<\/p>\n<p>Mas acaba voltando atr\u00e1s e decide persegui-los atrav\u00e9s do deserto. \u00c9 ent\u00e3o que Deus, em uma das cenas mais grandiosas da novela, abre o Mar Vermelho, deixando o povo hebreu passar, e depois o fecha matando o ex\u00e9rcito eg\u00edpcio que os persegue. No deserto Deus revela a Mois\u00e9s os Dez Mandamentos.<\/p>\n","protected":false},"excerpt":{"rendered":"<p>Resumo da novela \u201cOs Dez Mandamentos\u201d em 30\/05: no cap\u00edtulo 162(*) da novela, Rams\u00e9s com \u00f3dio pede para que Karoma saia do quarto. O fara\u00f3 questiona Nefertari se ela ainda ama Mois\u00e9s. Ela decide enfrentar o rei e diz que ele perdeu a guerra para Mois\u00e9s e que n\u00e3o faz nada para salvar a vida [&hellip;]<\/p>\n","protected":false},"author":3,"featured_media":230998,"comment_status":"closed","ping_status":"closed","sticky":false,"template":"","format":"standard","meta":{"tdm_status":"","tdm_grid_status":"","footnotes":""},"categories":[379,424,371,2025,343],"tags":[441],"class_list":{"0":"post-233114","1":"post","2":"type-post","3":"status-publish","4":"format-standard","5":"has-post-thumbnail","7":"category-novelas","8":"category-os-dez-mandamentos","9":"category-rede-record","10":"category-resumo","11":"category-televisao","12":"tag-resumo-do-dia"},"_links":{"self":[{"href":"https:\/\/migracao.redenoticia.com.br\/noticia\/wp-json\/wp\/v2\/posts\/233114","targetHints":{"allow":["GET"]}}],"collection":[{"href":"https:\/\/migracao.redenoticia.com.br\/noticia\/wp-json\/wp\/v2\/posts"}],"about":[{"href":"https:\/\/migracao.redenoticia.com.br\/noticia\/wp-json\/wp\/v2\/types\/post"}],"author":[{"embeddable":true,"href":"https:\/\/migracao.redenoticia.com.br\/noticia\/wp-json\/wp\/v2\/users\/3"}],"replies":[{"embeddable":true,"href":"https:\/\/migracao.redenoticia.com.br\/noticia\/wp-json\/wp\/v2\/comments?post=233114"}],"version-history":[{"count":0,"href":"https:\/\/migracao.redenoticia.com.br\/noticia\/wp-json\/wp\/v2\/posts\/233114\/revisions"}],"wp:featuredmedia":[{"embeddable":true,"href":"https:\/\/migracao.redenoticia.com.br\/noticia\/wp-json\/wp\/v2\/media\/230998"}],"wp:attachment":[{"href":"https:\/\/migracao.redenoticia.com.br\/noticia\/wp-json\/wp\/v2\/media?parent=233114"}],"wp:term":[{"taxonomy":"category","embeddable":true,"href":"https:\/\/migracao.redenoticia.com.br\/noticia\/wp-json\/wp\/v2\/categories?post=233114"},{"taxonomy":"post_tag","embeddable":true,"href":"https:\/\/migracao.redenoticia.com.br\/noticia\/wp-json\/wp\/v2\/tags?post=233114"}],"curies":[{"name":"wp","href":"https:\/\/api.w.org\/{rel}","templated":true}]}}