{"id":23314,"date":"2010-02-15T09:55:29","date_gmt":"2010-02-15T13:55:29","guid":{"rendered":"http:\/\/www.redenoticia.com.br\/noticia\/?p=23314"},"modified":"2010-02-15T09:55:29","modified_gmt":"2010-02-15T13:55:29","slug":"enem-sisu-%e2%80%93-inscricao-reaberta-de-15-a-2002","status":"publish","type":"post","link":"https:\/\/migracao.redenoticia.com.br\/noticia\/2010\/enem-sisu-%e2%80%93-inscricao-reaberta-de-15-a-2002\/23314","title":{"rendered":"Enem Sisu \u2013 inscri\u00e7\u00e3o reaberta de 15 a 20\/02"},"content":{"rendered":"<p><strong><em><span style=\"font-style: normal; font-weight: normal;\"><img loading=\"lazy\" decoding=\"async\" class=\"alignleft size-full wp-image-22752\" title=\"sisu enem mec\" src=\"https:\/\/migracao.redenoticia.com.br\/noticia\/imagens\/sisu-enem-mec.jpg\" alt=\"\" width=\"300\" height=\"193\" srcset=\"https:\/\/migracao.redenoticia.com.br\/noticia\/imagens\/sisu-enem-mec.jpg 300w, https:\/\/migracao.redenoticia.com.br\/noticia\/imagens\/sisu-enem-mec-250x161.jpg 250w, https:\/\/migracao.redenoticia.com.br\/noticia\/imagens\/sisu-enem-mec-150x97.jpg 150w\" sizes=\"auto, (max-width: 300px) 100vw, 300px\" \/><\/span>Enem Sisu<\/em><\/strong> 2\u00b0 fase: as <strong><em>inscri\u00e7\u00f5es<\/em><\/strong> dos alunos que fizeram o Enem 2009 no sistema de sele\u00e7\u00e3o unificada (Sisu) para curso superior em institui\u00e7\u00f5es p\u00fablicas, ser\u00e3o abertas de 15 a 20 de fevereiro (<a href=\"http:\/\/sisu.mec.gov.br\/index.html\" target=\"_blank\">Clique Aqui<\/a>). Os candidatos inscritos no Sisu na primeira etapa que n\u00e3o foram selecionados e desejam candidatar-se novamente \u00e0s vagas, devem efetuar nova inscri\u00e7\u00e3o, escolhendo uma op\u00e7\u00e3o de curso e institui\u00e7\u00e3o.<\/p>\n<p>A vaga s\u00f3 \u00e9 confirmada ap\u00f3s a realiza\u00e7\u00e3o da matr\u00edcula do estudante. Cabe ao aluno Enem 2009 selecionado pelo Sisu observar as regras definidas em cada institui\u00e7\u00e3o federal e apresentar os documentos exigidos \u2014 a rela\u00e7\u00e3o pode ser consultada no <a href=\"http:\/\/sisu.mec.gov.br\/\" target=\"_blank\">Sisu<\/a> ou na pr\u00f3pria institui\u00e7\u00e3o.<\/p>\n<p>Participaram da primeira edi\u00e7\u00e3o da sele\u00e7\u00e3o unificada 23 universidades e 26 institui\u00e7\u00f5es federais de educa\u00e7\u00e3o profissional. Ao todo, foram 47,9 mil vagas oferecidas em cursos superiores, entre bacharelados, licenciaturas e cursos tecnol\u00f3gicos. Tamb\u00e9m participam do Sisu a Universidade Estadual do Norte Fluminense (Uenf) e a Escola Nacional de Ci\u00eancias Estat\u00edsticas (Ence).<\/p>\n<p>As vagas n\u00e3o ocupadas ser\u00e3o oferecidas nesta segunda etapa de inscri\u00e7\u00f5es Sisu. Os candidatos n\u00e3o selecionados na primeira etapa devem se inscrever at\u00e9 o dia 20.<\/p>\n<p>Enem Sisu &#8211; Assessoria de Imprensa da Sesu<\/p>\n","protected":false},"excerpt":{"rendered":"<p>Enem Sisu 2\u00b0 fase: as inscri\u00e7\u00f5es dos alunos que fizeram o Enem 2009 no sistema de sele\u00e7\u00e3o unificada (Sisu) para curso superior em institui\u00e7\u00f5es p\u00fablicas, ser\u00e3o abertas de 15 a 20 de fevereiro (Clique Aqui). Os candidatos inscritos no Sisu na primeira etapa que n\u00e3o foram selecionados e desejam candidatar-se novamente \u00e0s vagas, devem efetuar [&hellip;]<\/p>\n","protected":false},"author":3,"featured_media":0,"comment_status":"open","ping_status":"open","sticky":false,"template":"","format":"standard","meta":{"tdm_status":"","tdm_grid_status":"","footnotes":""},"categories":[22,370,295],"tags":[],"class_list":{"0":"post-23314","1":"post","2":"type-post","3":"status-publish","4":"format-standard","6":"category-brasil","7":"category-inscricao","8":"category-vestibular"},"_links":{"self":[{"href":"https:\/\/migracao.redenoticia.com.br\/noticia\/wp-json\/wp\/v2\/posts\/23314","targetHints":{"allow":["GET"]}}],"collection":[{"href":"https:\/\/migracao.redenoticia.com.br\/noticia\/wp-json\/wp\/v2\/posts"}],"about":[{"href":"https:\/\/migracao.redenoticia.com.br\/noticia\/wp-json\/wp\/v2\/types\/post"}],"author":[{"embeddable":true,"href":"https:\/\/migracao.redenoticia.com.br\/noticia\/wp-json\/wp\/v2\/users\/3"}],"replies":[{"embeddable":true,"href":"https:\/\/migracao.redenoticia.com.br\/noticia\/wp-json\/wp\/v2\/comments?post=23314"}],"version-history":[{"count":0,"href":"https:\/\/migracao.redenoticia.com.br\/noticia\/wp-json\/wp\/v2\/posts\/23314\/revisions"}],"wp:attachment":[{"href":"https:\/\/migracao.redenoticia.com.br\/noticia\/wp-json\/wp\/v2\/media?parent=23314"}],"wp:term":[{"taxonomy":"category","embeddable":true,"href":"https:\/\/migracao.redenoticia.com.br\/noticia\/wp-json\/wp\/v2\/categories?post=23314"},{"taxonomy":"post_tag","embeddable":true,"href":"https:\/\/migracao.redenoticia.com.br\/noticia\/wp-json\/wp\/v2\/tags?post=23314"}],"curies":[{"name":"wp","href":"https:\/\/api.w.org\/{rel}","templated":true}]}}