{"id":233157,"date":"2023-05-30T13:39:50","date_gmt":"2023-05-30T16:39:50","guid":{"rendered":"https:\/\/www.redenoticia.com.br\/noticia\/?p=233157"},"modified":"2023-05-30T13:39:50","modified_gmt":"2023-05-30T16:39:50","slug":"resumo-a-infancia-de-romeu-e-julieta-31-05-alex-vira-a-nova-sensacao-da-internet","status":"publish","type":"post","link":"https:\/\/migracao.redenoticia.com.br\/noticia\/2023\/resumo-a-infancia-de-romeu-e-julieta-31-05-alex-vira-a-nova-sensacao-da-internet\/233157","title":{"rendered":"Resumo \u201cA Inf\u00e2ncia de Romeu e Julieta\u201d 31\/05: Alex vira a nova sensa\u00e7\u00e3o da internet"},"content":{"rendered":"<p> <img loading=\"lazy\" decoding=\"async\" src=\"https:\/\/migracao.redenoticia.com.br\/noticia\/imagens\/novela-romeu-e-julieta-sbt-elenco-resumo.jpg\" alt=\"\" width=\"1280\" height=\"720\" class=\"aligncenter size-full wp-image-232242\" srcset=\"https:\/\/migracao.redenoticia.com.br\/noticia\/imagens\/novela-romeu-e-julieta-sbt-elenco-resumo.jpg 1280w, https:\/\/migracao.redenoticia.com.br\/noticia\/imagens\/novela-romeu-e-julieta-sbt-elenco-resumo-250x140.jpg 250w, https:\/\/migracao.redenoticia.com.br\/noticia\/imagens\/novela-romeu-e-julieta-sbt-elenco-resumo-400x225.jpg 400w, https:\/\/migracao.redenoticia.com.br\/noticia\/imagens\/novela-romeu-e-julieta-sbt-elenco-resumo-768x432.jpg 768w, https:\/\/migracao.redenoticia.com.br\/noticia\/imagens\/novela-romeu-e-julieta-sbt-elenco-resumo-150x84.jpg 150w\" sizes=\"auto, (max-width: 1280px) 100vw, 1280px\" \/><\/p>\n<p><strong><em>Resumo da novela \u201cA Inf\u00e2ncia de Romeu e Julieta\u201d<\/em><\/strong> em 31\/05: no cap\u00edtulo 018(*) da novela, ap\u00f3s Fred lan\u00e7ar um jingle para a Monter Mercado, Vitor faz o mesmo com o Armaz\u00e9m das Flores. Julieta pergunta ao pai se ele j\u00e1 ficou com Telma e questiona se foi por conta da Telma que Daniel e Mari se separaram. Para conseguir um espa\u00e7o na agenda e treinar no CEC, Romeu mente para os pais alegando que agora ele faz parte de um grupo de estudos. Na rua, Alex vira motivo de piada pelo v\u00eddeo c\u00f4mico; Rosalina e Karen afirmam que pelo menos ele est\u00e1 famoso. <\/p>\n<p>H\u00e9lio fala a Julieta que R\u00f4mulo (Romeu) tem habilidade para o esporte e parece ser de boa \u00edndole. Romeu chega no CEC e avisa a H\u00e9lio que os pais liberaram o jovem para treinar, mas H\u00e9lio afirma que precisa trazer os pais na hora da matr\u00edcula. Telma diz a Leandro que vai continuar na casa dela; Leandro aumenta a oferta em 30% e um apartamento no Verona (Lado Torre) para ela morar. Clara chega na conversa e se surpreende com Leandro no Lado Vila; Clara diz que Castanheiras n\u00e3o precisa de luxo e sim de natureza e paz. Romeu inventa para H\u00e9lio que os pais est\u00e3o viajando e prop\u00f5e a assinatura da matr\u00edcula de forma digital. H\u00e9lio concede, mas alega que futuramente vai conversar com os pais de Romeu sobre o talento dele. <\/p>\n<p>Alex come\u00e7a a fazer v\u00eddeos com dancinhas e vira a nova sensa\u00e7\u00e3o da internet. Com carro de som e o jingle tocando, Vitor circula pela pra\u00e7a central divulgando o Armaz\u00e9m. No CEC, Romeu fala para os amigos o chamarem por R\u00f4mulo Castro, porque H\u00e9lio n\u00e3o pode saber que ele \u00e9 um Monteiro. No Armaz\u00e9m, Vera reclama do carro de som e declara que Mariana e Amanda s\u00e3o desonestas, j\u00e1 que lan\u00e7aram o jingle um dia depois do jingle da Monter Mercado. O Lado Torre e Lado Vila competem na quadra do CEC. Trapa\u00e7a e F\u00ea Dengosa n\u00e3o gostam que Chilique e Muke apoiem o Cr\u00e2nio e acham que o novato esconde algo.<\/p>\n<p>(*) edi\u00e7\u00e3o das novelas do SBT, \u201cA Inf\u00e2ncia de Romeu e Julieta\u201d, sujeito a altera\u00e7\u00e3o de data e conte\u00fado.<\/p>\n<p>Sinopse \u201cA Inf\u00e2ncia de Romeu e Julieta\u201d: A Trama se passa no bairro chamado castanheiras, em que duas fam\u00edlias com propostas diferentes para esse bairro vivem em disc\u00f3rdia, sendo divididas entre os lados Torre (Campos) e Vila (Monteiro).[6] Entretanto, Romeu (Miguel \u00c2ngelo) e Julieta (Vitt\u00f3ria Seixas) se conhecem, da\u00ed em diante, as fam\u00edlias rivais t\u00eam uma nova oportunidade de trazer paz e uni\u00e3o entre o conv\u00edvio deles. <\/p>\n<p>Romeu e Julieta n\u00e3o sabem como v\u00e3o fazer para ficarem juntos. A not\u00edcia do romance chega \u00e0s fam\u00edlias, que n\u00e3o gostam nada da hist\u00f3ria e tratam de afasta-los imediatamente, aprontando v\u00e1rias situa\u00e7\u00f5es. Romeu e Julieta querem acabar com essa hostilidade e tentam ir atr\u00e1s de uma solu\u00e7\u00e3o, mas ao descobrirem mais sobre a hist\u00f3ria de seus pais, percebem que pode ser imposs\u00edvel.<\/p>\n","protected":false},"excerpt":{"rendered":"<p>Resumo da novela \u201cA Inf\u00e2ncia de Romeu e Julieta\u201d em 31\/05: no cap\u00edtulo 018(*) da novela, ap\u00f3s Fred lan\u00e7ar um jingle para a Monter Mercado, Vitor faz o mesmo com o Armaz\u00e9m das Flores. Julieta pergunta ao pai se ele j\u00e1 ficou com Telma e questiona se foi por conta da Telma que Daniel e [&hellip;]<\/p>\n","protected":false},"author":3,"featured_media":232241,"comment_status":"closed","ping_status":"closed","sticky":false,"template":"","format":"standard","meta":{"tdm_status":"","tdm_grid_status":"","footnotes":""},"categories":[2306,379,2025,372,343],"tags":[441],"class_list":{"0":"post-233157","1":"post","2":"type-post","3":"status-publish","4":"format-standard","5":"has-post-thumbnail","7":"category-novela-romeu-e-julieta","8":"category-novelas","9":"category-resumo","10":"category-sbt","11":"category-televisao","12":"tag-resumo-do-dia"},"_links":{"self":[{"href":"https:\/\/migracao.redenoticia.com.br\/noticia\/wp-json\/wp\/v2\/posts\/233157","targetHints":{"allow":["GET"]}}],"collection":[{"href":"https:\/\/migracao.redenoticia.com.br\/noticia\/wp-json\/wp\/v2\/posts"}],"about":[{"href":"https:\/\/migracao.redenoticia.com.br\/noticia\/wp-json\/wp\/v2\/types\/post"}],"author":[{"embeddable":true,"href":"https:\/\/migracao.redenoticia.com.br\/noticia\/wp-json\/wp\/v2\/users\/3"}],"replies":[{"embeddable":true,"href":"https:\/\/migracao.redenoticia.com.br\/noticia\/wp-json\/wp\/v2\/comments?post=233157"}],"version-history":[{"count":0,"href":"https:\/\/migracao.redenoticia.com.br\/noticia\/wp-json\/wp\/v2\/posts\/233157\/revisions"}],"wp:featuredmedia":[{"embeddable":true,"href":"https:\/\/migracao.redenoticia.com.br\/noticia\/wp-json\/wp\/v2\/media\/232241"}],"wp:attachment":[{"href":"https:\/\/migracao.redenoticia.com.br\/noticia\/wp-json\/wp\/v2\/media?parent=233157"}],"wp:term":[{"taxonomy":"category","embeddable":true,"href":"https:\/\/migracao.redenoticia.com.br\/noticia\/wp-json\/wp\/v2\/categories?post=233157"},{"taxonomy":"post_tag","embeddable":true,"href":"https:\/\/migracao.redenoticia.com.br\/noticia\/wp-json\/wp\/v2\/tags?post=233157"}],"curies":[{"name":"wp","href":"https:\/\/api.w.org\/{rel}","templated":true}]}}