{"id":233171,"date":"2023-05-30T13:54:35","date_gmt":"2023-05-30T16:54:35","guid":{"rendered":"https:\/\/www.redenoticia.com.br\/noticia\/?p=233171"},"modified":"2023-05-30T20:27:15","modified_gmt":"2023-05-30T23:27:15","slug":"resumo-vai-na-fe-31-05-lumiar-ve-clara-e-helena-juntas","status":"publish","type":"post","link":"https:\/\/migracao.redenoticia.com.br\/noticia\/2023\/resumo-vai-na-fe-31-05-lumiar-ve-clara-e-helena-juntas\/233171","title":{"rendered":"Resumo \u201cVai na F\u00e9\u201d 31\/05: Jenifer avisa que ser\u00e1 testemunha no caso contra Theo"},"content":{"rendered":"<p> <img loading=\"lazy\" decoding=\"async\" class=\"aligncenter size-full wp-image-228023\" src=\"https:\/\/migracao.redenoticia.com.br\/noticia\/imagens\/vai-na-fe-elenco-resumo-personagens.jpg\" alt=\"\" width=\"1280\" height=\"720\" srcset=\"https:\/\/migracao.redenoticia.com.br\/noticia\/imagens\/vai-na-fe-elenco-resumo-personagens.jpg 1280w, https:\/\/migracao.redenoticia.com.br\/noticia\/imagens\/vai-na-fe-elenco-resumo-personagens-250x140.jpg 250w, https:\/\/migracao.redenoticia.com.br\/noticia\/imagens\/vai-na-fe-elenco-resumo-personagens-400x225.jpg 400w, https:\/\/migracao.redenoticia.com.br\/noticia\/imagens\/vai-na-fe-elenco-resumo-personagens-768x432.jpg 768w, https:\/\/migracao.redenoticia.com.br\/noticia\/imagens\/vai-na-fe-elenco-resumo-personagens-150x84.jpg 150w\" sizes=\"auto, (max-width: 1280px) 100vw, 1280px\" \/><\/p>\n<p><strong><em>Resumo da novela \u201cVai na F\u00e9\u201d<\/em><\/strong> em 31\/05: no cap\u00edtulo 117(*) da novela, Hugo amea\u00e7a Jana\u00edna. Jana\u00edna desliga o telefone desesperada, enquanto Hugo a observa. Ben conversa com Jenifer sobre a den\u00fancia que far\u00e3o ao Minist\u00e9rio P\u00fablico. Sol se preocupa quando Jenifer avisa que ela ser\u00e1 testemunha no caso contra Theo. Clara recebe um convite para um encontro com antigas modelos e pede para Helena ir com ela. Lumiar v\u00ea Clara e Helena juntas. <\/p>\n<p>Ben encontra Theo e Lumiar no bar e teme pela ex-mulher. Theo tenta conter a raiva quando Lumiar n\u00e3o deixa ele ficar em sua casa. Kate comenta com Jenifer sobre Orfeu. Sol decide ir com Marlene e Bruna vender quentinhas. Orfeu avisa a Hugo que sua d\u00edvida com ele n\u00e3o acabar\u00e1. Sol v\u00ea Ben e Val\u00e9ria juntos. Clara confessa a Theo sobre sua rela\u00e7\u00e3o com Helena.<\/p>\n<p>(*) edi\u00e7\u00e3o das novelas da Globo, \u201cVai na F\u00e9\u201d, sujeito a altera\u00e7\u00e3o de data e conte\u00fado.<\/p>\n<p>Sinopse \u201cVai na F\u00e9\u201d: Sol abandonou o sonho de ser cantora para se tornar evang\u00e9lica e casar com Carl\u00e3o, por\u00e9m, 20 anos depois, a vida lhe d\u00e1 uma nova chance quando ela recebe o convite para ser backing vocal do cantor decadente Lui Lorenzo ao ser descoberta cantando para vender marmitas no centro do Rio de Janeiro.<\/p>\n<p>Com duas filhas para criar e o marido desempregado, ela aceita, por\u00e9m a decis\u00e3o vira sua vida do avesso: ela ganha cada vez mais fama e passa a ser hostilizada na igreja, al\u00e9m de enfrentar a paix\u00e3o de Lui e o reencontro com Ben, seu grande amor de juventude que nunca a esqueceu. Filha de Sol, Jeniffer ganha uma bolsa de estudos numa conceituada faculdade, onde tem de enfrentar as persegui\u00e7\u00f5es da preconceituosa influenciadora digital Guiga e a paix\u00e3o de Yuri, apesar dela namorar Tato.<\/p>\n","protected":false},"excerpt":{"rendered":"<p>Resumo da novela \u201cVai na F\u00e9\u201d em 31\/05: no cap\u00edtulo 117(*) da novela, Hugo amea\u00e7a Jana\u00edna. Jana\u00edna desliga o telefone desesperada, enquanto Hugo a observa. Ben conversa com Jenifer sobre a den\u00fancia que far\u00e3o ao Minist\u00e9rio P\u00fablico. Sol se preocupa quando Jenifer avisa que ela ser\u00e1 testemunha no caso contra Theo. Clara recebe um convite [&hellip;]<\/p>\n","protected":false},"author":2,"featured_media":228022,"comment_status":"closed","ping_status":"closed","sticky":false,"template":"","format":"standard","meta":{"tdm_status":"","tdm_grid_status":"","footnotes":""},"categories":[379,375,2025,343,2294],"tags":[441],"class_list":{"0":"post-233171","1":"post","2":"type-post","3":"status-publish","4":"format-standard","5":"has-post-thumbnail","7":"category-novelas","8":"category-rede-globo","9":"category-resumo","10":"category-televisao","11":"category-vai-na-fe","12":"tag-resumo-do-dia"},"_links":{"self":[{"href":"https:\/\/migracao.redenoticia.com.br\/noticia\/wp-json\/wp\/v2\/posts\/233171","targetHints":{"allow":["GET"]}}],"collection":[{"href":"https:\/\/migracao.redenoticia.com.br\/noticia\/wp-json\/wp\/v2\/posts"}],"about":[{"href":"https:\/\/migracao.redenoticia.com.br\/noticia\/wp-json\/wp\/v2\/types\/post"}],"author":[{"embeddable":true,"href":"https:\/\/migracao.redenoticia.com.br\/noticia\/wp-json\/wp\/v2\/users\/2"}],"replies":[{"embeddable":true,"href":"https:\/\/migracao.redenoticia.com.br\/noticia\/wp-json\/wp\/v2\/comments?post=233171"}],"version-history":[{"count":0,"href":"https:\/\/migracao.redenoticia.com.br\/noticia\/wp-json\/wp\/v2\/posts\/233171\/revisions"}],"wp:featuredmedia":[{"embeddable":true,"href":"https:\/\/migracao.redenoticia.com.br\/noticia\/wp-json\/wp\/v2\/media\/228022"}],"wp:attachment":[{"href":"https:\/\/migracao.redenoticia.com.br\/noticia\/wp-json\/wp\/v2\/media?parent=233171"}],"wp:term":[{"taxonomy":"category","embeddable":true,"href":"https:\/\/migracao.redenoticia.com.br\/noticia\/wp-json\/wp\/v2\/categories?post=233171"},{"taxonomy":"post_tag","embeddable":true,"href":"https:\/\/migracao.redenoticia.com.br\/noticia\/wp-json\/wp\/v2\/tags?post=233171"}],"curies":[{"name":"wp","href":"https:\/\/api.w.org\/{rel}","templated":true}]}}