{"id":233202,"date":"2023-05-31T10:56:50","date_gmt":"2023-05-31T13:56:50","guid":{"rendered":"https:\/\/www.redenoticia.com.br\/noticia\/?p=233202"},"modified":"2023-05-31T22:11:35","modified_gmt":"2023-06-01T01:11:35","slug":"resumo-terra-e-paixao-01-06-marino-avisa-a-antonio-que-nao-tem-medo-do-fazendeiro","status":"publish","type":"post","link":"https:\/\/migracao.redenoticia.com.br\/noticia\/2023\/resumo-terra-e-paixao-01-06-marino-avisa-a-antonio-que-nao-tem-medo-do-fazendeiro\/233202","title":{"rendered":"Resumo &#8220;Terra e Paix\u00e3o&#8221; 01\/06: Marino avisa que n\u00e3o tem medo de Ant\u00f4nio"},"content":{"rendered":"<p> <img loading=\"lazy\" decoding=\"async\" src=\"https:\/\/migracao.redenoticia.com.br\/noticia\/imagens\/novela-terra-e-paixao-resumo.jpg\" alt=\"\" width=\"1280\" height=\"720\" class=\"aligncenter size-full wp-image-231930\" srcset=\"https:\/\/migracao.redenoticia.com.br\/noticia\/imagens\/novela-terra-e-paixao-resumo.jpg 1280w, https:\/\/migracao.redenoticia.com.br\/noticia\/imagens\/novela-terra-e-paixao-resumo-250x140.jpg 250w, https:\/\/migracao.redenoticia.com.br\/noticia\/imagens\/novela-terra-e-paixao-resumo-400x225.jpg 400w, https:\/\/migracao.redenoticia.com.br\/noticia\/imagens\/novela-terra-e-paixao-resumo-768x432.jpg 768w, https:\/\/migracao.redenoticia.com.br\/noticia\/imagens\/novela-terra-e-paixao-resumo-150x84.jpg 150w\" sizes=\"auto, (max-width: 1280px) 100vw, 1280px\" \/> <\/p>\n<p><strong><em>Resumo da novela &#8220;Terra e Paix\u00e3o&#8221;<\/em><\/strong> em 01\/06: no cap\u00edtulo 022(*) da novela, Ant\u00f4nio revela a Irene que tem interesse na \u00e1gua das terras de Aline. Gra\u00e7a aconselha Tadeu a presentear Gladys com uma joia. Enzo sugere que Tadeu ofere\u00e7a uma visita t\u00e9cnica na pousada de Lucinda. Andrade avisa a Anely que o t\u00e9cnico ir\u00e1 avaliar os computadores da pousada. Ant\u00f4nio manda Ruan dizer ao delegado que viu Aline amea\u00e7ando Isabel. <\/p>\n<p>Lucinda combina com Odilon de fazer um jantar especial para ele pedir Anely em casamento. Tadeu consegue emprego para Luigi na cooperativa. C\u00e2ndida entrega uma caixa para Caio usar contra Irene. Gra\u00e7a diz a Irene que tem certeza que Daniel gosta de outra. Ruan diz a Marino que ouviu Aline amea\u00e7ar Isabel de morte.<\/p>\n<p>Marino avisa a Ant\u00f4nio que n\u00e3o tem medo do fazendeiro e o amea\u00e7a. Ramiro sugere que Kelvin desapare\u00e7a com os pap\u00e9is deixados por C\u00e2ndida. Mara reclama do marido com Menah. Daniel garante a Irene que n\u00e3o se casar\u00e1 com Gra\u00e7a. Marino d\u00e1 voz de pris\u00e3o a Aline. Daniel estranha que a barriga de Gra\u00e7a n\u00e3o esteja crescendo. Silv\u00e9rio garante a Ant\u00f4nio que o Juiz prometeu protelar o pedido de habeas corpus para Aline. Menah leva Jussara e Jo\u00e3o para sua casa. Caio amea\u00e7a Marino, caso o delegado n\u00e3o solte Aline.<\/p>\n<p>(*) edi\u00e7\u00e3o das novelas da Globo, &#8220;Terra e Paix\u00e3o&#8221;, sujeito a altera\u00e7\u00e3o de data e conte\u00fado.<\/p>\n<p>Sinopse &#8220;Terra e Paix\u00e3o&#8221;: Aline vive ao lado do marido Samuel e do filho Jo\u00e3o. Ap\u00f3s um atentado em sua casa, v\u00ea-se sozinha com o menino diante das terras deixadas pelo marido. Aline aprende a plantar com a ajuda de Jonatas, um amigo fiel. Al\u00e9m de contar com ele, tem ao seu lado sua m\u00e3e. Aline se aproxima dos irm\u00e3os Caio e Daniel, filhos do poderoso fazendeiro Ant\u00f4nio, com quem precisa brigar para manter suas terras. Ao lado dos dois rapazes, descobre sentimentos novos. Ant\u00f4nio La Selva \u00e9 casado com Irene com quem tem dois filhos, Daniel e Petra. Ele foi muito apaixonado por Agatha, com quem teve Caio, e culpa o rapaz pela morte da m\u00e3e no pr\u00e9-parto. <\/p>\n","protected":false},"excerpt":{"rendered":"<p>Resumo da novela &#8220;Terra e Paix\u00e3o&#8221; em 01\/06: no cap\u00edtulo 022(*) da novela, Ant\u00f4nio revela a Irene que tem interesse na \u00e1gua das terras de Aline. Gra\u00e7a aconselha Tadeu a presentear Gladys com uma joia. Enzo sugere que Tadeu ofere\u00e7a uma visita t\u00e9cnica na pousada de Lucinda. Andrade avisa a Anely que o t\u00e9cnico ir\u00e1 [&hellip;]<\/p>\n","protected":false},"author":2,"featured_media":231928,"comment_status":"closed","ping_status":"closed","sticky":false,"template":"","format":"standard","meta":{"tdm_status":"","tdm_grid_status":"","footnotes":""},"categories":[379,375,2025,343,2305],"tags":[441],"class_list":{"0":"post-233202","1":"post","2":"type-post","3":"status-publish","4":"format-standard","5":"has-post-thumbnail","7":"category-novelas","8":"category-rede-globo","9":"category-resumo","10":"category-televisao","11":"category-terra-e-paixao","12":"tag-resumo-do-dia"},"_links":{"self":[{"href":"https:\/\/migracao.redenoticia.com.br\/noticia\/wp-json\/wp\/v2\/posts\/233202","targetHints":{"allow":["GET"]}}],"collection":[{"href":"https:\/\/migracao.redenoticia.com.br\/noticia\/wp-json\/wp\/v2\/posts"}],"about":[{"href":"https:\/\/migracao.redenoticia.com.br\/noticia\/wp-json\/wp\/v2\/types\/post"}],"author":[{"embeddable":true,"href":"https:\/\/migracao.redenoticia.com.br\/noticia\/wp-json\/wp\/v2\/users\/2"}],"replies":[{"embeddable":true,"href":"https:\/\/migracao.redenoticia.com.br\/noticia\/wp-json\/wp\/v2\/comments?post=233202"}],"version-history":[{"count":0,"href":"https:\/\/migracao.redenoticia.com.br\/noticia\/wp-json\/wp\/v2\/posts\/233202\/revisions"}],"wp:featuredmedia":[{"embeddable":true,"href":"https:\/\/migracao.redenoticia.com.br\/noticia\/wp-json\/wp\/v2\/media\/231928"}],"wp:attachment":[{"href":"https:\/\/migracao.redenoticia.com.br\/noticia\/wp-json\/wp\/v2\/media?parent=233202"}],"wp:term":[{"taxonomy":"category","embeddable":true,"href":"https:\/\/migracao.redenoticia.com.br\/noticia\/wp-json\/wp\/v2\/categories?post=233202"},{"taxonomy":"post_tag","embeddable":true,"href":"https:\/\/migracao.redenoticia.com.br\/noticia\/wp-json\/wp\/v2\/tags?post=233202"}],"curies":[{"name":"wp","href":"https:\/\/api.w.org\/{rel}","templated":true}]}}