{"id":233206,"date":"2023-05-31T10:43:13","date_gmt":"2023-05-31T13:43:13","guid":{"rendered":"https:\/\/www.redenoticia.com.br\/noticia\/?p=233206"},"modified":"2023-05-31T10:43:13","modified_gmt":"2023-05-31T13:43:13","slug":"resumo-a-infancia-de-romeu-e-julieta-01-06-daniel-convida-mari-para-um-piquenique","status":"publish","type":"post","link":"https:\/\/migracao.redenoticia.com.br\/noticia\/2023\/resumo-a-infancia-de-romeu-e-julieta-01-06-daniel-convida-mari-para-um-piquenique\/233206","title":{"rendered":"Resumo \u201cA Inf\u00e2ncia de Romeu e Julieta\u201d 01\/06: Daniel convida Mari para um piquenique"},"content":{"rendered":"<p> <img loading=\"lazy\" decoding=\"async\" src=\"https:\/\/migracao.redenoticia.com.br\/noticia\/imagens\/novela-romeu-e-julieta-sbt-elenco-resumo.jpg\" alt=\"\" width=\"1280\" height=\"720\" class=\"aligncenter size-full wp-image-232242\" srcset=\"https:\/\/migracao.redenoticia.com.br\/noticia\/imagens\/novela-romeu-e-julieta-sbt-elenco-resumo.jpg 1280w, https:\/\/migracao.redenoticia.com.br\/noticia\/imagens\/novela-romeu-e-julieta-sbt-elenco-resumo-250x140.jpg 250w, https:\/\/migracao.redenoticia.com.br\/noticia\/imagens\/novela-romeu-e-julieta-sbt-elenco-resumo-400x225.jpg 400w, https:\/\/migracao.redenoticia.com.br\/noticia\/imagens\/novela-romeu-e-julieta-sbt-elenco-resumo-768x432.jpg 768w, https:\/\/migracao.redenoticia.com.br\/noticia\/imagens\/novela-romeu-e-julieta-sbt-elenco-resumo-150x84.jpg 150w\" sizes=\"auto, (max-width: 1280px) 100vw, 1280px\" \/><\/p>\n<p><strong><em>Resumo da novela \u201cA Inf\u00e2ncia de Romeu e Julieta\u201d<\/em><\/strong> em 01\/06: no cap\u00edtulo 019(*) da novela, Vitor anuncia no alto-falante do carro que os produtos do Armaz\u00e9m est\u00e3o em promo\u00e7\u00e3o pela metade do pre\u00e7o; de repente, o estabelecimento come\u00e7a a lotar. H\u00e9lio diz aos alunos que a rivalidade deles est\u00e1 atrapalhando os treinos. Vera e Glaucia chamam a pol\u00edcia e Vitor \u00e9 multado pelo barulho do carro de som. Trapa\u00e7a descobre que Dimitri \u00e9 rico e mora em condom\u00ednio. <\/p>\n<p>No quarto de Ian, Alex v\u00ea Nath e Ellen com o irm\u00e3o e pede para elas irem embora por serem do Lado Vila. No fechamento do caixa, Amanda e Mari declaram a Vitor que a promo\u00e7\u00e3o n\u00e3o deu lucro. Romeu chega com roupa de treino em casa e os pais perguntam onde ele estava. Por chamada de v\u00eddeo, Julieta conversa com Romeu; Mariana entra no quarto de Julieta e dialoga com a filha. Juli esquece de desligar a chamada e Romeu escuta Mariana falar que Vera \u00e9 uma \u2018praga\u2019. <\/p>\n<p>Leandro diz a Bernardo que o viu conversando com H\u00e9lio e pergunta de que lado ele est\u00e1. Enzo se prepara para o primeiro dia de trabalho, mas omite para a esposa, Amanda, que a empresa \u00e9 a Monter. Daniel convida Mari para um piquenique com ele e Julieta; depois de muita insist\u00eancia, Mari aceita. Trapa\u00e7a conta para a gangue que Cr\u00e2nio (Dimitri) \u00e9 rico e os membros do grupo tiram satisfa\u00e7\u00e3o com o menino. Trapa\u00e7a obriga Cr\u00e2nio liberar a entrada da gangue no condom\u00ednio. No piquenique, Julieta exp\u00f5e aos pais que \u00e9 estranho v\u00ea-los juntos, j\u00e1 que eles n\u00e3o s\u00e3o mais um casal.<\/p>\n<p>(*) edi\u00e7\u00e3o das novelas do SBT, \u201cA Inf\u00e2ncia de Romeu e Julieta\u201d, sujeito a altera\u00e7\u00e3o de data e conte\u00fado.<\/p>\n<p>Sinopse \u201cA Inf\u00e2ncia de Romeu e Julieta\u201d: A Trama se passa no bairro chamado castanheiras, em que duas fam\u00edlias com propostas diferentes para esse bairro vivem em disc\u00f3rdia, sendo divididas entre os lados Torre (Campos) e Vila (Monteiro).[6] Entretanto, Romeu (Miguel \u00c2ngelo) e Julieta (Vitt\u00f3ria Seixas) se conhecem, da\u00ed em diante, as fam\u00edlias rivais t\u00eam uma nova oportunidade de trazer paz e uni\u00e3o entre o conv\u00edvio deles. <\/p>\n<p>Romeu e Julieta n\u00e3o sabem como v\u00e3o fazer para ficarem juntos. A not\u00edcia do romance chega \u00e0s fam\u00edlias, que n\u00e3o gostam nada da hist\u00f3ria e tratam de afasta-los imediatamente, aprontando v\u00e1rias situa\u00e7\u00f5es. Romeu e Julieta querem acabar com essa hostilidade e tentam ir atr\u00e1s de uma solu\u00e7\u00e3o, mas ao descobrirem mais sobre a hist\u00f3ria de seus pais, percebem que pode ser imposs\u00edvel.<\/p>\n","protected":false},"excerpt":{"rendered":"<p>Resumo da novela \u201cA Inf\u00e2ncia de Romeu e Julieta\u201d em 01\/06: no cap\u00edtulo 019(*) da novela, Vitor anuncia no alto-falante do carro que os produtos do Armaz\u00e9m est\u00e3o em promo\u00e7\u00e3o pela metade do pre\u00e7o; de repente, o estabelecimento come\u00e7a a lotar. H\u00e9lio diz aos alunos que a rivalidade deles est\u00e1 atrapalhando os treinos. Vera e [&hellip;]<\/p>\n","protected":false},"author":3,"featured_media":232241,"comment_status":"closed","ping_status":"closed","sticky":false,"template":"","format":"standard","meta":{"tdm_status":"","tdm_grid_status":"","footnotes":""},"categories":[2306,379,2025,372,343],"tags":[441],"class_list":{"0":"post-233206","1":"post","2":"type-post","3":"status-publish","4":"format-standard","5":"has-post-thumbnail","7":"category-novela-romeu-e-julieta","8":"category-novelas","9":"category-resumo","10":"category-sbt","11":"category-televisao","12":"tag-resumo-do-dia"},"_links":{"self":[{"href":"https:\/\/migracao.redenoticia.com.br\/noticia\/wp-json\/wp\/v2\/posts\/233206","targetHints":{"allow":["GET"]}}],"collection":[{"href":"https:\/\/migracao.redenoticia.com.br\/noticia\/wp-json\/wp\/v2\/posts"}],"about":[{"href":"https:\/\/migracao.redenoticia.com.br\/noticia\/wp-json\/wp\/v2\/types\/post"}],"author":[{"embeddable":true,"href":"https:\/\/migracao.redenoticia.com.br\/noticia\/wp-json\/wp\/v2\/users\/3"}],"replies":[{"embeddable":true,"href":"https:\/\/migracao.redenoticia.com.br\/noticia\/wp-json\/wp\/v2\/comments?post=233206"}],"version-history":[{"count":0,"href":"https:\/\/migracao.redenoticia.com.br\/noticia\/wp-json\/wp\/v2\/posts\/233206\/revisions"}],"wp:featuredmedia":[{"embeddable":true,"href":"https:\/\/migracao.redenoticia.com.br\/noticia\/wp-json\/wp\/v2\/media\/232241"}],"wp:attachment":[{"href":"https:\/\/migracao.redenoticia.com.br\/noticia\/wp-json\/wp\/v2\/media?parent=233206"}],"wp:term":[{"taxonomy":"category","embeddable":true,"href":"https:\/\/migracao.redenoticia.com.br\/noticia\/wp-json\/wp\/v2\/categories?post=233206"},{"taxonomy":"post_tag","embeddable":true,"href":"https:\/\/migracao.redenoticia.com.br\/noticia\/wp-json\/wp\/v2\/tags?post=233206"}],"curies":[{"name":"wp","href":"https:\/\/api.w.org\/{rel}","templated":true}]}}