{"id":233259,"date":"2023-06-01T17:39:39","date_gmt":"2023-06-01T20:39:39","guid":{"rendered":"https:\/\/www.redenoticia.com.br\/noticia\/?p=233259"},"modified":"2023-06-01T17:39:39","modified_gmt":"2023-06-01T20:39:39","slug":"resumo-a-infancia-de-romeu-e-julieta-02-06-lado-torre-e-vila-jogam-no-mesmo-time","status":"publish","type":"post","link":"https:\/\/migracao.redenoticia.com.br\/noticia\/2023\/resumo-a-infancia-de-romeu-e-julieta-02-06-lado-torre-e-vila-jogam-no-mesmo-time\/233259","title":{"rendered":"Resumo \u201cA Inf\u00e2ncia de Romeu e Julieta\u201d 02\/06: Lado Torre e Vila jogam no mesmo time"},"content":{"rendered":"<p> <img loading=\"lazy\" decoding=\"async\" src=\"https:\/\/migracao.redenoticia.com.br\/noticia\/imagens\/novela-romeu-e-julieta-sbt-elenco-resumo.jpg\" alt=\"\" width=\"1280\" height=\"720\" class=\"aligncenter size-full wp-image-232242\" srcset=\"https:\/\/migracao.redenoticia.com.br\/noticia\/imagens\/novela-romeu-e-julieta-sbt-elenco-resumo.jpg 1280w, https:\/\/migracao.redenoticia.com.br\/noticia\/imagens\/novela-romeu-e-julieta-sbt-elenco-resumo-250x140.jpg 250w, https:\/\/migracao.redenoticia.com.br\/noticia\/imagens\/novela-romeu-e-julieta-sbt-elenco-resumo-400x225.jpg 400w, https:\/\/migracao.redenoticia.com.br\/noticia\/imagens\/novela-romeu-e-julieta-sbt-elenco-resumo-768x432.jpg 768w, https:\/\/migracao.redenoticia.com.br\/noticia\/imagens\/novela-romeu-e-julieta-sbt-elenco-resumo-150x84.jpg 150w\" sizes=\"auto, (max-width: 1280px) 100vw, 1280px\" \/><\/p>\n<p><strong><em>Resumo da novela \u201cA Inf\u00e2ncia de Romeu e Julieta\u201d<\/em><\/strong> em 02\/06: no cap\u00edtulo 020(*) da novela, no piquenique, por sempre falar de Vera, Julieta fica incomodada com a m\u00e3e contando sobre a rival e o passeio vira um desastre. Atr\u00e1s da arquibancada do CEC, Juli pede desculpas para Romeu por Mari ter falado mal de Vera. Julieta desabafa com Romeu que queria ser a melhor amiga de Mari, mas n\u00e3o consegue se aproximar da m\u00e3e. Telma visita o condom\u00ednio Residencial Verona. <\/p>\n<p>Nando tamb\u00e9m quer entrar no CEC e pede ajuda dos amigos. L\u00edvia procura por Julieta e a observa andando com Romeu; Romeu e Julieta disfar\u00e7am brigando e mostrando inimizade. Alguns clientes v\u00e3o at\u00e9 o Armaz\u00e9m, porque gostaram da promo\u00e7\u00e3o do dia anterior, provando que o Vitor estava certo nas estrat\u00e9gias de marketing. Glaucia comenta com Vera que a t\u00e1tica do carro de som do Armaz\u00e9m diminuiu os clientes da Monter Mercado e aumentou da concorr\u00eancia. Fred sugere uma promo\u00e7\u00e3o exclusiva no aplicativo do mercado. Pedalzera bagun\u00e7a o hall e sal\u00e3o de festa do condom\u00ednio Verona. <\/p>\n<p>Em conversa com Leandro, Telma toma a decis\u00e3o final sobre a venda da casa. Alex continua gravando os v\u00eddeos e viralizando com as dancinhas na internet. H\u00e9lio diz aos alunos que Nando far\u00e1 um dia de teste no CEC. H\u00e9lio explica que por conta dos \u00faltimos comportamentos dos alunos, Lado Torre e Lado Vila jogam no mesmo time. Devido a promo\u00e7\u00e3o no aplicativo, uma fila enorme se forma na porta da Monter Mercado. Amanda e Mari reclamam com Vera que a fila est\u00e1 atrapalhando a venda no com\u00e9rcio delas. No Armaz\u00e9m, Vitor reclama com Mariana e Amanda pela falta de clientes no estabelecimento e sai para aprontar novamente.<\/p>\n<p>(*) edi\u00e7\u00e3o das novelas do SBT, \u201cA Inf\u00e2ncia de Romeu e Julieta\u201d, sujeito a altera\u00e7\u00e3o de data e conte\u00fado.<\/p>\n<p>Sinopse \u201cA Inf\u00e2ncia de Romeu e Julieta\u201d: A Trama se passa no bairro chamado castanheiras, em que duas fam\u00edlias com propostas diferentes para esse bairro vivem em disc\u00f3rdia, sendo divididas entre os lados Torre (Campos) e Vila (Monteiro).[6] Entretanto, Romeu (Miguel \u00c2ngelo) e Julieta (Vitt\u00f3ria Seixas) se conhecem, da\u00ed em diante, as fam\u00edlias rivais t\u00eam uma nova oportunidade de trazer paz e uni\u00e3o entre o conv\u00edvio deles. <\/p>\n<p>Romeu e Julieta n\u00e3o sabem como v\u00e3o fazer para ficarem juntos. A not\u00edcia do romance chega \u00e0s fam\u00edlias, que n\u00e3o gostam nada da hist\u00f3ria e tratam de afasta-los imediatamente, aprontando v\u00e1rias situa\u00e7\u00f5es. Romeu e Julieta querem acabar com essa hostilidade e tentam ir atr\u00e1s de uma solu\u00e7\u00e3o, mas ao descobrirem mais sobre a hist\u00f3ria de seus pais, percebem que pode ser imposs\u00edvel.<\/p>\n","protected":false},"excerpt":{"rendered":"<p>Resumo da novela \u201cA Inf\u00e2ncia de Romeu e Julieta\u201d em 02\/06: no cap\u00edtulo 020(*) da novela, no piquenique, por sempre falar de Vera, Julieta fica incomodada com a m\u00e3e contando sobre a rival e o passeio vira um desastre. Atr\u00e1s da arquibancada do CEC, Juli pede desculpas para Romeu por Mari ter falado mal de [&hellip;]<\/p>\n","protected":false},"author":3,"featured_media":232241,"comment_status":"closed","ping_status":"closed","sticky":false,"template":"","format":"standard","meta":{"tdm_status":"","tdm_grid_status":"","footnotes":""},"categories":[2306,379,2025,372,343],"tags":[441],"class_list":{"0":"post-233259","1":"post","2":"type-post","3":"status-publish","4":"format-standard","5":"has-post-thumbnail","7":"category-novela-romeu-e-julieta","8":"category-novelas","9":"category-resumo","10":"category-sbt","11":"category-televisao","12":"tag-resumo-do-dia"},"_links":{"self":[{"href":"https:\/\/migracao.redenoticia.com.br\/noticia\/wp-json\/wp\/v2\/posts\/233259","targetHints":{"allow":["GET"]}}],"collection":[{"href":"https:\/\/migracao.redenoticia.com.br\/noticia\/wp-json\/wp\/v2\/posts"}],"about":[{"href":"https:\/\/migracao.redenoticia.com.br\/noticia\/wp-json\/wp\/v2\/types\/post"}],"author":[{"embeddable":true,"href":"https:\/\/migracao.redenoticia.com.br\/noticia\/wp-json\/wp\/v2\/users\/3"}],"replies":[{"embeddable":true,"href":"https:\/\/migracao.redenoticia.com.br\/noticia\/wp-json\/wp\/v2\/comments?post=233259"}],"version-history":[{"count":0,"href":"https:\/\/migracao.redenoticia.com.br\/noticia\/wp-json\/wp\/v2\/posts\/233259\/revisions"}],"wp:featuredmedia":[{"embeddable":true,"href":"https:\/\/migracao.redenoticia.com.br\/noticia\/wp-json\/wp\/v2\/media\/232241"}],"wp:attachment":[{"href":"https:\/\/migracao.redenoticia.com.br\/noticia\/wp-json\/wp\/v2\/media?parent=233259"}],"wp:term":[{"taxonomy":"category","embeddable":true,"href":"https:\/\/migracao.redenoticia.com.br\/noticia\/wp-json\/wp\/v2\/categories?post=233259"},{"taxonomy":"post_tag","embeddable":true,"href":"https:\/\/migracao.redenoticia.com.br\/noticia\/wp-json\/wp\/v2\/tags?post=233259"}],"curies":[{"name":"wp","href":"https:\/\/api.w.org\/{rel}","templated":true}]}}