{"id":23330,"date":"2010-02-15T11:20:40","date_gmt":"2010-02-15T15:20:40","guid":{"rendered":"http:\/\/www.redenoticia.com.br\/noticia\/?p=23330"},"modified":"2018-08-13T10:50:49","modified_gmt":"2018-08-13T13:50:49","slug":"votacao-do-paredao-de-carnaval-no-bbb-10","status":"publish","type":"post","link":"https:\/\/migracao.redenoticia.com.br\/noticia\/2010\/votacao-do-paredao-de-carnaval-no-bbb-10\/23330","title":{"rendered":"Vota\u00e7\u00e3o do Pared\u00e3o de Carnaval no BBB 10"},"content":{"rendered":"<p><img loading=\"lazy\" decoding=\"async\" class=\"alignleft size-full wp-image-22134\" title=\"BBB 10 Rede Globo\" src=\"https:\/\/migracao.redenoticia.com.br\/noticia\/imagens\/BBB-10-Rede-Globo.jpg\" alt=\"\" width=\"300\" height=\"193\" srcset=\"https:\/\/migracao.redenoticia.com.br\/noticia\/imagens\/BBB-10-Rede-Globo.jpg 300w, https:\/\/migracao.redenoticia.com.br\/noticia\/imagens\/BBB-10-Rede-Globo-250x161.jpg 250w, https:\/\/migracao.redenoticia.com.br\/noticia\/imagens\/BBB-10-Rede-Globo-150x97.jpg 150w\" sizes=\"auto, (max-width: 300px) 100vw, 300px\" \/>A <strong><em>vota\u00e7\u00e3o<\/em><\/strong> do p\u00fablico neste per\u00edodo de carnaval vai definir a sa\u00edda de Lena, Lia ou Maroca \u00a0do <strong><em>BBB 10<\/em><\/strong>, exibido pela Rede Globo. No domingo (14\/02), Pedro Bial informou que Maroca estava no <strong><em>pared\u00e3o<\/em><\/strong> porque n\u00e3o soube esconder de Claudia o segredo dos colares vermelhos, dado por ela para Dourado e Fernanda, onde a casa definiria qual deles para ocuparia um lugar no pared\u00e3o triplo.<\/p>\n<p>Lia foi indicada pelo L\u00edder Eli\u00e9ser e Lena pela casa. Lena recebeu a maioria dos votos por ter ganhado a prova do anjo e ter dado o monstro para Fernanda, mesmo ciente que ela ainda estava se recuperando do desgaste provocado pela prova de resist\u00eancia. Lena tamb\u00e9m usou o colar do anjo para imunizar seu amigo e aliado Michel.<\/p>\n<p>Os votos foram abertos e gerou muitas discuss\u00f5es e intrigas depois do programa ao vivo. Cadu foi conversar com Lena sobre a insinua\u00e7\u00e3o de que ele \u201cFlutua\u201d. Lena disse que a express\u00e3o deveria ter sido \u201cInconstante\u201d mas que n\u00e3o falaria com ele e nem daria explica\u00e7\u00f5es. Maroca, Lia e Fernanda criticaram Lena sobre a insinua\u00e7\u00e3o de paquera entre Cadu e Fernanda. Lia tamb\u00e9m reclamou da indica\u00e7\u00e3o de Elieser, por achar que n\u00e3o deu motivos para o voto.<\/p>\n<p>A prova da comida foi realizada minutos antes da decis\u00e3o do pared\u00e3o com uma corrida de sacos e n\u00e3o houve altera\u00e7\u00e3o na ocupa\u00e7\u00e3o das casas.<\/p>\n<p>BBB 10 \u2013 Rede Globo<\/p>\n","protected":false},"excerpt":{"rendered":"<p>A vota\u00e7\u00e3o do p\u00fablico neste per\u00edodo de carnaval vai definir a sa\u00edda de Lena, Lia ou Maroca \u00a0do BBB 10, exibido pela Rede Globo. No domingo (14\/02), Pedro Bial informou que Maroca estava no pared\u00e3o porque n\u00e3o soube esconder de Claudia o segredo dos colares vermelhos, dado por ela para Dourado e Fernanda, onde a [&hellip;]<\/p>\n","protected":false},"author":3,"featured_media":22134,"comment_status":"open","ping_status":"open","sticky":false,"template":"","format":"standard","meta":{"tdm_status":"","tdm_grid_status":"","footnotes":""},"categories":[520,22,375,343],"tags":[],"class_list":{"0":"post-23330","1":"post","2":"type-post","3":"status-publish","4":"format-standard","5":"has-post-thumbnail","7":"category-big-brother-brasil","8":"category-brasil","9":"category-rede-globo","10":"category-televisao"},"_links":{"self":[{"href":"https:\/\/migracao.redenoticia.com.br\/noticia\/wp-json\/wp\/v2\/posts\/23330","targetHints":{"allow":["GET"]}}],"collection":[{"href":"https:\/\/migracao.redenoticia.com.br\/noticia\/wp-json\/wp\/v2\/posts"}],"about":[{"href":"https:\/\/migracao.redenoticia.com.br\/noticia\/wp-json\/wp\/v2\/types\/post"}],"author":[{"embeddable":true,"href":"https:\/\/migracao.redenoticia.com.br\/noticia\/wp-json\/wp\/v2\/users\/3"}],"replies":[{"embeddable":true,"href":"https:\/\/migracao.redenoticia.com.br\/noticia\/wp-json\/wp\/v2\/comments?post=23330"}],"version-history":[{"count":0,"href":"https:\/\/migracao.redenoticia.com.br\/noticia\/wp-json\/wp\/v2\/posts\/23330\/revisions"}],"wp:featuredmedia":[{"embeddable":true,"href":"https:\/\/migracao.redenoticia.com.br\/noticia\/wp-json\/wp\/v2\/media\/22134"}],"wp:attachment":[{"href":"https:\/\/migracao.redenoticia.com.br\/noticia\/wp-json\/wp\/v2\/media?parent=23330"}],"wp:term":[{"taxonomy":"category","embeddable":true,"href":"https:\/\/migracao.redenoticia.com.br\/noticia\/wp-json\/wp\/v2\/categories?post=23330"},{"taxonomy":"post_tag","embeddable":true,"href":"https:\/\/migracao.redenoticia.com.br\/noticia\/wp-json\/wp\/v2\/tags?post=23330"}],"curies":[{"name":"wp","href":"https:\/\/api.w.org\/{rel}","templated":true}]}}