{"id":233304,"date":"2023-06-02T22:28:18","date_gmt":"2023-06-03T01:28:18","guid":{"rendered":"https:\/\/www.redenoticia.com.br\/noticia\/?p=233304"},"modified":"2023-06-02T22:28:57","modified_gmt":"2023-06-03T01:28:57","slug":"resumo-terra-e-paixao-03-06-daniel-visita-aline-na-cadeia","status":"publish","type":"post","link":"https:\/\/migracao.redenoticia.com.br\/noticia\/2023\/resumo-terra-e-paixao-03-06-daniel-visita-aline-na-cadeia\/233304","title":{"rendered":"Resumo &#8220;Terra e Paix\u00e3o&#8221; 03\/06: Marino expulsa Caio da delegacia"},"content":{"rendered":"<p> <img loading=\"lazy\" decoding=\"async\" src=\"https:\/\/migracao.redenoticia.com.br\/noticia\/imagens\/novela-terra-e-paixao-resumo.jpg\" alt=\"\" width=\"1280\" height=\"720\" class=\"aligncenter size-full wp-image-231930\" srcset=\"https:\/\/migracao.redenoticia.com.br\/noticia\/imagens\/novela-terra-e-paixao-resumo.jpg 1280w, https:\/\/migracao.redenoticia.com.br\/noticia\/imagens\/novela-terra-e-paixao-resumo-250x140.jpg 250w, https:\/\/migracao.redenoticia.com.br\/noticia\/imagens\/novela-terra-e-paixao-resumo-400x225.jpg 400w, https:\/\/migracao.redenoticia.com.br\/noticia\/imagens\/novela-terra-e-paixao-resumo-768x432.jpg 768w, https:\/\/migracao.redenoticia.com.br\/noticia\/imagens\/novela-terra-e-paixao-resumo-150x84.jpg 150w\" sizes=\"auto, (max-width: 1280px) 100vw, 1280px\" \/> <\/p>\n<p><strong><em>Resumo da novela &#8220;Terra e Paix\u00e3o&#8221;<\/em><\/strong> em 03\/06: no cap\u00edtulo 024(*) da novela, Menah leva Jussara e Jo\u00e3o para sua casa. Caio amea\u00e7a Marino, caso o delegado n\u00e3o solte Aline. Marino expulsa Caio da delegacia. Tadeu pede a Enzo que descubra um meio de ter acesso ao laptop de Anely. Tadeu tranca a escola para Gladys, sem saber que Luigi est\u00e1 escondido na sala da esposa. Angelina d\u00e1 not\u00edcias de C\u00e2ndida a Berenice. Durante consulta de Caio com Jurec\u00ea, o Xam\u00e3 tem a vis\u00e3o do rosto de Lucinda e orienta Caio a como tirar Aline da cadeia. Gra\u00e7a desconfia da rea\u00e7\u00e3o de Daniel ao saber da pris\u00e3o de Aline e confirma com Irene que o rapaz \u00e9 apaixonado por ela. Daniel visita Aline na cadeia. Lucinda diz a seu padrinho Juiz que precisa de ajuda.<\/p>\n<p>O Juiz assina o habeas corpus e a ordem de soltura de Aline. Daniel comenta com Irene que acha precipitado o casamento de Petra com Luigi. Ant\u00f4nio n\u00e3o gosta de ver Caio abra\u00e7ado a Aline. Rodrigo afirma a Ant\u00f4nio que o texto escrito por C\u00e2ndida sobre seus desejos tem validade. Kelvin diz a Luana que n\u00e3o viu o texto de C\u00e2ndida. Berenice se apropria dos neg\u00f3cios de C\u00e2ndida.  Aline diz a Caio que n\u00e3o o ama. Tadeu amea\u00e7a despedir Luigi se o italiano n\u00e3o pegar o laptop de Anely. Ruan confessa a Aline que mentiu em seu depoimento a mando de Ant\u00f4nio.<\/p>\n<p>(*) edi\u00e7\u00e3o das novelas da Globo, &#8220;Terra e Paix\u00e3o&#8221;, sujeito a altera\u00e7\u00e3o de data e conte\u00fado.<\/p>\n<p>Sinopse &#8220;Terra e Paix\u00e3o&#8221;: Aline vive ao lado do marido Samuel e do filho Jo\u00e3o. Ap\u00f3s um atentado em sua casa, v\u00ea-se sozinha com o menino diante das terras deixadas pelo marido. Aline aprende a plantar com a ajuda de Jonatas, um amigo fiel. Al\u00e9m de contar com ele, tem ao seu lado sua m\u00e3e. Aline se aproxima dos irm\u00e3os Caio e Daniel, filhos do poderoso fazendeiro Ant\u00f4nio, com quem precisa brigar para manter suas terras. Ao lado dos dois rapazes, descobre sentimentos novos. Ant\u00f4nio La Selva \u00e9 casado com Irene com quem tem dois filhos, Daniel e Petra. Ele foi muito apaixonado por Agatha, com quem teve Caio, e culpa o rapaz pela morte da m\u00e3e no pr\u00e9-parto. <\/p>\n","protected":false},"excerpt":{"rendered":"<p>Resumo da novela &#8220;Terra e Paix\u00e3o&#8221; em 03\/06: no cap\u00edtulo 024(*) da novela, Menah leva Jussara e Jo\u00e3o para sua casa. Caio amea\u00e7a Marino, caso o delegado n\u00e3o solte Aline. Marino expulsa Caio da delegacia. Tadeu pede a Enzo que descubra um meio de ter acesso ao laptop de Anely. Tadeu tranca a escola para [&hellip;]<\/p>\n","protected":false},"author":2,"featured_media":231928,"comment_status":"closed","ping_status":"closed","sticky":false,"template":"","format":"standard","meta":{"tdm_status":"","tdm_grid_status":"","footnotes":""},"categories":[379,375,2025,343,2305],"tags":[441],"class_list":{"0":"post-233304","1":"post","2":"type-post","3":"status-publish","4":"format-standard","5":"has-post-thumbnail","7":"category-novelas","8":"category-rede-globo","9":"category-resumo","10":"category-televisao","11":"category-terra-e-paixao","12":"tag-resumo-do-dia"},"_links":{"self":[{"href":"https:\/\/migracao.redenoticia.com.br\/noticia\/wp-json\/wp\/v2\/posts\/233304","targetHints":{"allow":["GET"]}}],"collection":[{"href":"https:\/\/migracao.redenoticia.com.br\/noticia\/wp-json\/wp\/v2\/posts"}],"about":[{"href":"https:\/\/migracao.redenoticia.com.br\/noticia\/wp-json\/wp\/v2\/types\/post"}],"author":[{"embeddable":true,"href":"https:\/\/migracao.redenoticia.com.br\/noticia\/wp-json\/wp\/v2\/users\/2"}],"replies":[{"embeddable":true,"href":"https:\/\/migracao.redenoticia.com.br\/noticia\/wp-json\/wp\/v2\/comments?post=233304"}],"version-history":[{"count":0,"href":"https:\/\/migracao.redenoticia.com.br\/noticia\/wp-json\/wp\/v2\/posts\/233304\/revisions"}],"wp:featuredmedia":[{"embeddable":true,"href":"https:\/\/migracao.redenoticia.com.br\/noticia\/wp-json\/wp\/v2\/media\/231928"}],"wp:attachment":[{"href":"https:\/\/migracao.redenoticia.com.br\/noticia\/wp-json\/wp\/v2\/media?parent=233304"}],"wp:term":[{"taxonomy":"category","embeddable":true,"href":"https:\/\/migracao.redenoticia.com.br\/noticia\/wp-json\/wp\/v2\/categories?post=233304"},{"taxonomy":"post_tag","embeddable":true,"href":"https:\/\/migracao.redenoticia.com.br\/noticia\/wp-json\/wp\/v2\/tags?post=233304"}],"curies":[{"name":"wp","href":"https:\/\/api.w.org\/{rel}","templated":true}]}}