{"id":233328,"date":"2023-06-03T16:02:56","date_gmt":"2023-06-03T19:02:56","guid":{"rendered":"https:\/\/www.redenoticia.com.br\/noticia\/?p=233328"},"modified":"2023-06-03T16:24:31","modified_gmt":"2023-06-03T19:24:31","slug":"resumo-a-infancia-de-romeu-e-julieta-05-06-livia-interroga-julieta","status":"publish","type":"post","link":"https:\/\/migracao.redenoticia.com.br\/noticia\/2023\/resumo-a-infancia-de-romeu-e-julieta-05-06-livia-interroga-julieta\/233328","title":{"rendered":"Resumo \u201cA Inf\u00e2ncia de Romeu e Julieta\u201d 05\/06: L\u00edvia interroga Julieta"},"content":{"rendered":"<p> <img loading=\"lazy\" decoding=\"async\" src=\"https:\/\/migracao.redenoticia.com.br\/noticia\/imagens\/novela-romeu-e-julieta-sbt-elenco-resumo.jpg\" alt=\"\" width=\"1280\" height=\"720\" class=\"aligncenter size-full wp-image-232242\" srcset=\"https:\/\/migracao.redenoticia.com.br\/noticia\/imagens\/novela-romeu-e-julieta-sbt-elenco-resumo.jpg 1280w, https:\/\/migracao.redenoticia.com.br\/noticia\/imagens\/novela-romeu-e-julieta-sbt-elenco-resumo-250x140.jpg 250w, https:\/\/migracao.redenoticia.com.br\/noticia\/imagens\/novela-romeu-e-julieta-sbt-elenco-resumo-400x225.jpg 400w, https:\/\/migracao.redenoticia.com.br\/noticia\/imagens\/novela-romeu-e-julieta-sbt-elenco-resumo-768x432.jpg 768w, https:\/\/migracao.redenoticia.com.br\/noticia\/imagens\/novela-romeu-e-julieta-sbt-elenco-resumo-150x84.jpg 150w\" sizes=\"auto, (max-width: 1280px) 100vw, 1280px\" \/><\/p>\n<p><strong><em>Resumo da novela \u201cA Inf\u00e2ncia de Romeu e Julieta\u201d<\/em><\/strong> em 05\/06: no cap\u00edtulo 021(*) da novela, Vitor fura a fila da Monter Mercado, e Bass\u00e2nio ajuda P\u00f3rcia a coloc\u00e1-lo no final da fila. Vitor mente para o p\u00fablico falando que a promo\u00e7\u00e3o da Monter Mercado j\u00e1 acabou e que eles est\u00e3o esperando na fila \u00e0 toa. Chilique e Muke elogiam Cr\u00e2nio e afirmam que o novato deveria ser o novo l\u00edder do grupo. Trapa\u00e7a imp\u00f5e que ela sempre ser\u00e1 a l\u00edder. Muke e Chilique ficam incomodados com ordens de Trapa\u00e7a. F\u00ea Dengosa fica do lado de Trapa\u00e7a. Vitor estimula os clientes da Monter a fazer uma rebeli\u00e3o. Vera consegue controlar os clientes e diz que vai atender a todos. Telma compra no Armaz\u00e9m, e o cart\u00e3o de cr\u00e9dito tem saldo insuficiente. Amanda fala para ela pagar os produtos posteriormente.<\/p>\n<p>Telma pede um aumento ou adiantamento para o H\u00e9lio. O treinador diz que tamb\u00e9m n\u00e3o est\u00e1 f\u00e1cil para ele no momento. Leandro acha que Bernardo sabotou o pr\u00f3prio pai quando revelou a H\u00e9lio que o novo empreendimento \u00e9 um condom\u00ednio no Lado Vila. Os amigos de Romeu pedem explica\u00e7\u00f5es perante os abra\u00e7os que ele deu em Julieta durante os treinos. Vera escuta Romeu falando para os amigos que gostou de jogar handball e questiona onde eles praticaram o esporte. As crian\u00e7as do Pedalzera votam entre Cr\u00e2nio e Trapa\u00e7a como l\u00edder, e Cr\u00e2nio vence. H\u00e9lio pede ajuda de Vitor para distribuir panfletos contra a verticaliza\u00e7\u00e3o no Lado Vila. Vitor acha que o Lado Vila deve se modernizar. H\u00e9lio pergunta se o filho est\u00e1 do lado de Leandro Monteiro. L\u00edvia interroga Julieta sobre a conviv\u00eancia com R\u00f4mulo\/Romeu.<\/p>\n<p>(*) edi\u00e7\u00e3o das novelas do SBT, \u201cA Inf\u00e2ncia de Romeu e Julieta\u201d, sujeito a altera\u00e7\u00e3o de data e conte\u00fado.<\/p>\n<p>Sinopse \u201cA Inf\u00e2ncia de Romeu e Julieta\u201d: A Trama se passa no bairro chamado castanheiras, em que duas fam\u00edlias com propostas diferentes para esse bairro vivem em disc\u00f3rdia, sendo divididas entre os lados Torre (Campos) e Vila (Monteiro).[6] Entretanto, Romeu (Miguel \u00c2ngelo) e Julieta (Vitt\u00f3ria Seixas) se conhecem, da\u00ed em diante, as fam\u00edlias rivais t\u00eam uma nova oportunidade de trazer paz e uni\u00e3o entre o conv\u00edvio deles. <\/p>\n<p>Romeu e Julieta n\u00e3o sabem como v\u00e3o fazer para ficarem juntos. A not\u00edcia do romance chega \u00e0s fam\u00edlias, que n\u00e3o gostam nada da hist\u00f3ria e tratam de afasta-los imediatamente, aprontando v\u00e1rias situa\u00e7\u00f5es. Romeu e Julieta querem acabar com essa hostilidade e tentam ir atr\u00e1s de uma solu\u00e7\u00e3o, mas ao descobrirem mais sobre a hist\u00f3ria de seus pais, percebem que pode ser imposs\u00edvel.<\/p>\n","protected":false},"excerpt":{"rendered":"<p>Resumo da novela \u201cA Inf\u00e2ncia de Romeu e Julieta\u201d em 05\/06: no cap\u00edtulo 021(*) da novela, Vitor fura a fila da Monter Mercado, e Bass\u00e2nio ajuda P\u00f3rcia a coloc\u00e1-lo no final da fila. Vitor mente para o p\u00fablico falando que a promo\u00e7\u00e3o da Monter Mercado j\u00e1 acabou e que eles est\u00e3o esperando na fila \u00e0 [&hellip;]<\/p>\n","protected":false},"author":5,"featured_media":232241,"comment_status":"closed","ping_status":"closed","sticky":false,"template":"","format":"standard","meta":{"tdm_status":"","tdm_grid_status":"","footnotes":""},"categories":[2306,379,2025,372,343],"tags":[441],"class_list":{"0":"post-233328","1":"post","2":"type-post","3":"status-publish","4":"format-standard","5":"has-post-thumbnail","7":"category-novela-romeu-e-julieta","8":"category-novelas","9":"category-resumo","10":"category-sbt","11":"category-televisao","12":"tag-resumo-do-dia"},"_links":{"self":[{"href":"https:\/\/migracao.redenoticia.com.br\/noticia\/wp-json\/wp\/v2\/posts\/233328","targetHints":{"allow":["GET"]}}],"collection":[{"href":"https:\/\/migracao.redenoticia.com.br\/noticia\/wp-json\/wp\/v2\/posts"}],"about":[{"href":"https:\/\/migracao.redenoticia.com.br\/noticia\/wp-json\/wp\/v2\/types\/post"}],"author":[{"embeddable":true,"href":"https:\/\/migracao.redenoticia.com.br\/noticia\/wp-json\/wp\/v2\/users\/5"}],"replies":[{"embeddable":true,"href":"https:\/\/migracao.redenoticia.com.br\/noticia\/wp-json\/wp\/v2\/comments?post=233328"}],"version-history":[{"count":0,"href":"https:\/\/migracao.redenoticia.com.br\/noticia\/wp-json\/wp\/v2\/posts\/233328\/revisions"}],"wp:featuredmedia":[{"embeddable":true,"href":"https:\/\/migracao.redenoticia.com.br\/noticia\/wp-json\/wp\/v2\/media\/232241"}],"wp:attachment":[{"href":"https:\/\/migracao.redenoticia.com.br\/noticia\/wp-json\/wp\/v2\/media?parent=233328"}],"wp:term":[{"taxonomy":"category","embeddable":true,"href":"https:\/\/migracao.redenoticia.com.br\/noticia\/wp-json\/wp\/v2\/categories?post=233328"},{"taxonomy":"post_tag","embeddable":true,"href":"https:\/\/migracao.redenoticia.com.br\/noticia\/wp-json\/wp\/v2\/tags?post=233328"}],"curies":[{"name":"wp","href":"https:\/\/api.w.org\/{rel}","templated":true}]}}