{"id":233412,"date":"2023-06-06T13:28:16","date_gmt":"2023-06-06T16:28:16","guid":{"rendered":"https:\/\/www.redenoticia.com.br\/noticia\/?p=233412"},"modified":"2023-06-06T13:28:16","modified_gmt":"2023-06-06T16:28:16","slug":"resumo-a-infancia-de-romeu-e-julieta-07-06-rosalina-pergunta-se-romeu-gosta-dela","status":"publish","type":"post","link":"https:\/\/migracao.redenoticia.com.br\/noticia\/2023\/resumo-a-infancia-de-romeu-e-julieta-07-06-rosalina-pergunta-se-romeu-gosta-dela\/233412","title":{"rendered":"Resumo \u201cA Inf\u00e2ncia de Romeu e Julieta\u201d 07\/06: Rosalina pergunta se Romeu gosta dela"},"content":{"rendered":"<p><img loading=\"lazy\" decoding=\"async\" src=\"https:\/\/migracao.redenoticia.com.br\/noticia\/imagens\/novela-romeu-e-julieta-sbt-elenco-resumo.jpg\" alt=\"\" width=\"1280\" height=\"720\" class=\"aligncenter size-full wp-image-232242\" srcset=\"https:\/\/migracao.redenoticia.com.br\/noticia\/imagens\/novela-romeu-e-julieta-sbt-elenco-resumo.jpg 1280w, https:\/\/migracao.redenoticia.com.br\/noticia\/imagens\/novela-romeu-e-julieta-sbt-elenco-resumo-250x140.jpg 250w, https:\/\/migracao.redenoticia.com.br\/noticia\/imagens\/novela-romeu-e-julieta-sbt-elenco-resumo-400x225.jpg 400w, https:\/\/migracao.redenoticia.com.br\/noticia\/imagens\/novela-romeu-e-julieta-sbt-elenco-resumo-768x432.jpg 768w, https:\/\/migracao.redenoticia.com.br\/noticia\/imagens\/novela-romeu-e-julieta-sbt-elenco-resumo-150x84.jpg 150w\" sizes=\"auto, (max-width: 1280px) 100vw, 1280px\" \/><\/p>\n<p><strong><em>Resumo da novela \u201cA Inf\u00e2ncia de Romeu e Julieta\u201d<\/em><\/strong> em 07\/06: no cap\u00edtulo 023(*) da novela, Mariana, Clara, Julieta e L\u00edvia fazem noite de skin care. Julieta cuida do rosto da m\u00e3e, a chama de linda e elas trocam elogios. Vitor e H\u00e9lio colam panfletos contra a verticaliza\u00e7\u00e3o desenfreada de Leandro Monteiro. H\u00e9lio pede autoriza\u00e7\u00e3o de Telma para colar o panfleto na frente da casa dela. Com o dinheiro da venda das garrafas d\u2019\u00e1gua, Bass\u00e2nio compra carrinho de pipoca. Nando entrega para H\u00e9lio a matr\u00edcula assinada pelo pai. Romeu ainda n\u00e3o levou autoriza\u00e7\u00e3o dos pais para H\u00e9lio, que cobra o garoto mais uma vez. Com a sa\u00edda de Trapa\u00e7a, os membros do Pedalzera n\u00e3o conseguem entrar em acordo sobre a pr\u00f3xima miss\u00e3o. Enzo diz a Leandro que encontrou erros no fechamento das contas da Monter Holding nos \u00faltimos meses.<\/p>\n<p>Depois de longa conversa, a gangue Pedalzera decide colar adesivos no condom\u00ednio Boulevard. Julieta e Romeu comentam sobre a desconfian\u00e7a dos amigos em rela\u00e7\u00e3o \u00e0 amizade deles. Nath, Ellen e Ian observam Trapa\u00e7a triste em um parque. Eles seguem os conselhos de dona Clara e d\u00e3o suporte para a menina. Simulando choro, Trapa\u00e7a diz que foi expulsa do grupo e que agora quer contar com Nath, Ellen e Ian para se vingar do Pedalzera. H\u00e9lio diz a Vitor que sente o filho mais respons\u00e1vel em rela\u00e7\u00e3o ao Armaz\u00e9m. Na rua, Leandro v\u00ea os cartazes contra a moderniza\u00e7\u00e3o. Trapa\u00e7a diz para Nath, Ellen e Ian que foi abandonada pelos pais, conheceu Muke, Chilique e F\u00ea Dengosa e decidiu criar o grupo Pedalzera. Rosalina pergunta para Romeu se ele sente algo por ela al\u00e9m de amizade. Romeu afirma que gosta de ser amigo dela, somente isso. Romeu se sente mal pela sinceridade.<\/p>\n<p>(*) edi\u00e7\u00e3o das novelas do SBT, \u201cA Inf\u00e2ncia de Romeu e Julieta\u201d, sujeito a altera\u00e7\u00e3o de data e conte\u00fado.<\/p>\n<p>Sinopse \u201cA Inf\u00e2ncia de Romeu e Julieta\u201d: A Trama se passa no bairro chamado castanheiras, em que duas fam\u00edlias com propostas diferentes para esse bairro vivem em disc\u00f3rdia, sendo divididas entre os lados Torre (Campos) e Vila (Monteiro).[6] Entretanto, Romeu (Miguel \u00c2ngelo) e Julieta (Vitt\u00f3ria Seixas) se conhecem, da\u00ed em diante, as fam\u00edlias rivais t\u00eam uma nova oportunidade de trazer paz e uni\u00e3o entre o conv\u00edvio deles. <\/p>\n<p>Romeu e Julieta n\u00e3o sabem como v\u00e3o fazer para ficarem juntos. A not\u00edcia do romance chega \u00e0s fam\u00edlias, que n\u00e3o gostam nada da hist\u00f3ria e tratam de afasta-los imediatamente, aprontando v\u00e1rias situa\u00e7\u00f5es. Romeu e Julieta querem acabar com essa hostilidade e tentam ir atr\u00e1s de uma solu\u00e7\u00e3o, mas ao descobrirem mais sobre a hist\u00f3ria de seus pais, percebem que pode ser imposs\u00edvel.<\/p>\n","protected":false},"excerpt":{"rendered":"<p>Resumo da novela \u201cA Inf\u00e2ncia de Romeu e Julieta\u201d em 07\/06: no cap\u00edtulo 023(*) da novela, Mariana, Clara, Julieta e L\u00edvia fazem noite de skin care. Julieta cuida do rosto da m\u00e3e, a chama de linda e elas trocam elogios. Vitor e H\u00e9lio colam panfletos contra a verticaliza\u00e7\u00e3o desenfreada de Leandro Monteiro. H\u00e9lio pede autoriza\u00e7\u00e3o [&hellip;]<\/p>\n","protected":false},"author":2,"featured_media":232241,"comment_status":"closed","ping_status":"closed","sticky":false,"template":"","format":"standard","meta":{"tdm_status":"","tdm_grid_status":"","footnotes":""},"categories":[2306,379,2025,372,343],"tags":[441],"class_list":{"0":"post-233412","1":"post","2":"type-post","3":"status-publish","4":"format-standard","5":"has-post-thumbnail","7":"category-novela-romeu-e-julieta","8":"category-novelas","9":"category-resumo","10":"category-sbt","11":"category-televisao","12":"tag-resumo-do-dia"},"_links":{"self":[{"href":"https:\/\/migracao.redenoticia.com.br\/noticia\/wp-json\/wp\/v2\/posts\/233412","targetHints":{"allow":["GET"]}}],"collection":[{"href":"https:\/\/migracao.redenoticia.com.br\/noticia\/wp-json\/wp\/v2\/posts"}],"about":[{"href":"https:\/\/migracao.redenoticia.com.br\/noticia\/wp-json\/wp\/v2\/types\/post"}],"author":[{"embeddable":true,"href":"https:\/\/migracao.redenoticia.com.br\/noticia\/wp-json\/wp\/v2\/users\/2"}],"replies":[{"embeddable":true,"href":"https:\/\/migracao.redenoticia.com.br\/noticia\/wp-json\/wp\/v2\/comments?post=233412"}],"version-history":[{"count":0,"href":"https:\/\/migracao.redenoticia.com.br\/noticia\/wp-json\/wp\/v2\/posts\/233412\/revisions"}],"wp:featuredmedia":[{"embeddable":true,"href":"https:\/\/migracao.redenoticia.com.br\/noticia\/wp-json\/wp\/v2\/media\/232241"}],"wp:attachment":[{"href":"https:\/\/migracao.redenoticia.com.br\/noticia\/wp-json\/wp\/v2\/media?parent=233412"}],"wp:term":[{"taxonomy":"category","embeddable":true,"href":"https:\/\/migracao.redenoticia.com.br\/noticia\/wp-json\/wp\/v2\/categories?post=233412"},{"taxonomy":"post_tag","embeddable":true,"href":"https:\/\/migracao.redenoticia.com.br\/noticia\/wp-json\/wp\/v2\/tags?post=233412"}],"curies":[{"name":"wp","href":"https:\/\/api.w.org\/{rel}","templated":true}]}}