{"id":23346,"date":"2010-02-15T12:28:11","date_gmt":"2010-02-15T16:28:11","guid":{"rendered":"http:\/\/www.redenoticia.com.br\/noticia\/?p=23346"},"modified":"2012-04-02T15:40:45","modified_gmt":"2012-04-02T18:40:45","slug":"resumo-de-novela-tony-salva-gigi-em-poder-paralelo","status":"publish","type":"post","link":"https:\/\/migracao.redenoticia.com.br\/noticia\/2010\/resumo-de-novela-tony-salva-gigi-em-poder-paralelo\/23346","title":{"rendered":"Resumo de Novela \u2013 Tony salva Gigi em Poder Paralelo"},"content":{"rendered":"<p><img loading=\"lazy\" decoding=\"async\" class=\"alignleft size-full wp-image-17363\" title=\"novela record poder paralelo\" src=\"https:\/\/migracao.redenoticia.com.br\/noticia\/imagens\/novela-record-poder-paralelo.jpg\" alt=\"\" width=\"300\" height=\"193\" srcset=\"https:\/\/migracao.redenoticia.com.br\/noticia\/imagens\/novela-record-poder-paralelo.jpg 300w, https:\/\/migracao.redenoticia.com.br\/noticia\/imagens\/novela-record-poder-paralelo-250x160.jpg 250w, https:\/\/migracao.redenoticia.com.br\/noticia\/imagens\/novela-record-poder-paralelo-150x96.jpg 150w\" sizes=\"auto, (max-width: 300px) 100vw, 300px\" \/>Poder Paralelo Rede Record &#8211; o <strong><em>resumo da novela da Rede Record, Poder Paralelo<\/em><\/strong>, informou que Tony salva Gigi. Depois de uma temporada na It\u00e1lia, Tony (Gabriel Braga Nunes) volta ao Brasil para salvar Gigi (Karen Junqueira), que foi sequestrada a mando de Bruno (Marcelo Serrado). O reencontro entre os irm\u00e3os \u00e9 emocionante. \u00a0Ainda vendada, a jovem abra\u00e7a o mafioso, que fica aliviado ao ver que ela n\u00e3o foi machucada durante o per\u00edodo em que foi mantida em cativeiro por Lucas (Luiz Guilherme) e S\u00e9rgio (Ricardo Petraglia). Depois disso, Gigi \u00e9 libertada. Mas Tony vira ref\u00e9m das Farc. A sequ\u00eancia est\u00e1 prevista para ser exibida no cap\u00edtulo do dia 16.<\/p>\n<p>Pedro visita Nina na cadeia. Em Poder Paralelo, depois de ser presa por causa de den\u00fancia feita a mando de Bruno (Marcelo Serrado), Nina (Patr\u00edcia Fran\u00e7a) recebe a visita de Pedro (Guilherme Boury) na cadeia.Para tentar ver seu grande amor um pouco menos triste, Pedro leva quitutes preparados por Maria (Cristina Fagundes) e declara seu amor a todo instante. Ele ainda conta, orgulhos\u00edssimo, sobre o crescimento do filho Pedrinho. A sequ\u00eancia est\u00e1 prevista para ser exibida no cap\u00edtulo do dia 16.<\/p>\n<p>Lu\u00edsa pro\u00edbe Bebel de contratar Artur. Em Poder Paralelo, ap\u00f3s ficar sabendo que Bebel (Luma Costa) quer contratar Artur (Sacha Bali) para trabalhar no Hotel Diana, Lu\u00edsa (Fernanda Nobre) chama a funcion\u00e1ria para uma conversa particular.\u00a0Preocupada, a diretora do hotel diz que Bebel n\u00e3o pode colocar um ex-presidi\u00e1rio na empresa. Bebel ainda tenta contestar a ordem, mas de nada adianta.\u00a0Dog (Miguel Thir\u00e9), que presencia toda a conversa, decide chamar o rapaz para ser seu ajudante no est\u00fadio de fotografia. A sequ\u00eancia est\u00e1 prevista para ser exibida no cap\u00edtulo do dia 18.<\/p>\n<p>Poder Paralelo, novela da Rede Record<\/p>\n","protected":false},"excerpt":{"rendered":"<p>Poder Paralelo Rede Record &#8211; o resumo da novela da Rede Record, Poder Paralelo, informou que Tony salva Gigi. Depois de uma temporada na It\u00e1lia, Tony (Gabriel Braga Nunes) volta ao Brasil para salvar Gigi (Karen Junqueira), que foi sequestrada a mando de Bruno (Marcelo Serrado). O reencontro entre os irm\u00e3os \u00e9 emocionante. \u00a0Ainda vendada, [&hellip;]<\/p>\n","protected":false},"author":3,"featured_media":17363,"comment_status":"open","ping_status":"open","sticky":false,"template":"","format":"standard","meta":{"tdm_status":"","tdm_grid_status":"","footnotes":""},"categories":[22,379,371,343],"tags":[],"class_list":{"0":"post-23346","1":"post","2":"type-post","3":"status-publish","4":"format-standard","5":"has-post-thumbnail","7":"category-brasil","8":"category-novelas","9":"category-rede-record","10":"category-televisao"},"_links":{"self":[{"href":"https:\/\/migracao.redenoticia.com.br\/noticia\/wp-json\/wp\/v2\/posts\/23346","targetHints":{"allow":["GET"]}}],"collection":[{"href":"https:\/\/migracao.redenoticia.com.br\/noticia\/wp-json\/wp\/v2\/posts"}],"about":[{"href":"https:\/\/migracao.redenoticia.com.br\/noticia\/wp-json\/wp\/v2\/types\/post"}],"author":[{"embeddable":true,"href":"https:\/\/migracao.redenoticia.com.br\/noticia\/wp-json\/wp\/v2\/users\/3"}],"replies":[{"embeddable":true,"href":"https:\/\/migracao.redenoticia.com.br\/noticia\/wp-json\/wp\/v2\/comments?post=23346"}],"version-history":[{"count":0,"href":"https:\/\/migracao.redenoticia.com.br\/noticia\/wp-json\/wp\/v2\/posts\/23346\/revisions"}],"wp:featuredmedia":[{"embeddable":true,"href":"https:\/\/migracao.redenoticia.com.br\/noticia\/wp-json\/wp\/v2\/media\/17363"}],"wp:attachment":[{"href":"https:\/\/migracao.redenoticia.com.br\/noticia\/wp-json\/wp\/v2\/media?parent=23346"}],"wp:term":[{"taxonomy":"category","embeddable":true,"href":"https:\/\/migracao.redenoticia.com.br\/noticia\/wp-json\/wp\/v2\/categories?post=23346"},{"taxonomy":"post_tag","embeddable":true,"href":"https:\/\/migracao.redenoticia.com.br\/noticia\/wp-json\/wp\/v2\/tags?post=23346"}],"curies":[{"name":"wp","href":"https:\/\/api.w.org\/{rel}","templated":true}]}}