{"id":233468,"date":"2023-06-07T08:02:02","date_gmt":"2023-06-07T11:02:02","guid":{"rendered":"https:\/\/www.redenoticia.com.br\/noticia\/?p=233468"},"modified":"2023-06-07T08:02:02","modified_gmt":"2023-06-07T11:02:02","slug":"resumo-a-infancia-de-romeu-e-julieta-08-06-juli-e-romeu-percebem-que-foram-seguidos","status":"publish","type":"post","link":"https:\/\/migracao.redenoticia.com.br\/noticia\/2023\/resumo-a-infancia-de-romeu-e-julieta-08-06-juli-e-romeu-percebem-que-foram-seguidos\/233468","title":{"rendered":"Resumo \u201cA Inf\u00e2ncia de Romeu e Julieta\u201d 08\/06: Juli e Romeu percebem que foram seguidos"},"content":{"rendered":"<p> <img loading=\"lazy\" decoding=\"async\" src=\"https:\/\/migracao.redenoticia.com.br\/noticia\/imagens\/novela-romeu-e-julieta-sbt-elenco-resumo.jpg\" alt=\"\" width=\"1280\" height=\"720\" class=\"aligncenter size-full wp-image-232242\" srcset=\"https:\/\/migracao.redenoticia.com.br\/noticia\/imagens\/novela-romeu-e-julieta-sbt-elenco-resumo.jpg 1280w, https:\/\/migracao.redenoticia.com.br\/noticia\/imagens\/novela-romeu-e-julieta-sbt-elenco-resumo-250x140.jpg 250w, https:\/\/migracao.redenoticia.com.br\/noticia\/imagens\/novela-romeu-e-julieta-sbt-elenco-resumo-400x225.jpg 400w, https:\/\/migracao.redenoticia.com.br\/noticia\/imagens\/novela-romeu-e-julieta-sbt-elenco-resumo-768x432.jpg 768w, https:\/\/migracao.redenoticia.com.br\/noticia\/imagens\/novela-romeu-e-julieta-sbt-elenco-resumo-150x84.jpg 150w\" sizes=\"auto, (max-width: 1280px) 100vw, 1280px\" \/><\/p>\n<p><strong><em>Resumo da novela \u201cA Inf\u00e2ncia de Romeu e Julieta\u201d<\/em><\/strong> em 08\/06: no cap\u00edtulo 024(*) da novela, Glaucia cria um programa de funcion\u00e1rio do m\u00eas para os colaboradores da Monter Mercado, dando at\u00e9 bonifica\u00e7\u00e3o, mas inicia colocando uma foto dela como o melhor desempenho. Os funcion\u00e1rios d\u00e3o risada. Telma desabafa com Amanda, pede um pouco mais de tempo para pagar o que deve no Armaz\u00e9m e agradece a compreens\u00e3o. <\/p>\n<p>Karen diz para Romeu n\u00e3o se sentir culpado pelas palavras com Rosalina, j\u00e1 que a menina criou expectativa no relacionamento deles. Ellen, Ian e Nath perguntam para Trapa\u00e7a qual o maior ponto fraco dos membros do Pedalzera. Trapa\u00e7a revela que s\u00e3o as bicicletas e solicita ajuda para sumirem com as bikes deles.<\/p>\n<p>Daniel fala novamente com Amanda e Marina sobre a proposta do restaurante no Armaz\u00e9m. Fausto pro\u00edbe Bass\u00e2nio de vender pipoca na frente do condom\u00ednio Verona. Karen se aproxima de Romeu, mas ele se esquiva. Pedalzera invade novamente o condom\u00ednio do Lado Torre. Bass\u00e2nio fala para P\u00f3rcia que foi expulso do seu ponto no Lado Torre por um homem mau. Ele ainda n\u00e3o sabe que se trata do pai de P\u00f3rcia. <\/p>\n<p>Telma fala para Daniel que est\u00e1 com dificuldade financeira e ele oferece um empr\u00e9stimo. Mari compartilha com Amanda que n\u00e3o quer Daniel com um restaurante no Armaz\u00e9m, porque seria dif\u00edcil trabalhar com o ex. Julieta encontra com Romeu na fonte e ambos percebem que foram seguidos.<\/p>\n<p>(*) edi\u00e7\u00e3o das novelas do SBT, \u201cA Inf\u00e2ncia de Romeu e Julieta\u201d, sujeito a altera\u00e7\u00e3o de data e conte\u00fado.<\/p>\n<p>Sinopse \u201cA Inf\u00e2ncia de Romeu e Julieta\u201d: A Trama se passa no bairro chamado castanheiras, em que duas fam\u00edlias com propostas diferentes para esse bairro vivem em disc\u00f3rdia, sendo divididas entre os lados Torre (Campos) e Vila (Monteiro).[6] Entretanto, Romeu (Miguel \u00c2ngelo) e Julieta (Vitt\u00f3ria Seixas) se conhecem, da\u00ed em diante, as fam\u00edlias rivais t\u00eam uma nova oportunidade de trazer paz e uni\u00e3o entre o conv\u00edvio deles. <\/p>\n<p>Romeu e Julieta n\u00e3o sabem como v\u00e3o fazer para ficarem juntos. A not\u00edcia do romance chega \u00e0s fam\u00edlias, que n\u00e3o gostam nada da hist\u00f3ria e tratam de afasta-los imediatamente, aprontando v\u00e1rias situa\u00e7\u00f5es. Romeu e Julieta querem acabar com essa hostilidade e tentam ir atr\u00e1s de uma solu\u00e7\u00e3o, mas ao descobrirem mais sobre a hist\u00f3ria de seus pais, percebem que pode ser imposs\u00edvel.<\/p>\n","protected":false},"excerpt":{"rendered":"<p>Resumo da novela \u201cA Inf\u00e2ncia de Romeu e Julieta\u201d em 08\/06: no cap\u00edtulo 024(*) da novela, Glaucia cria um programa de funcion\u00e1rio do m\u00eas para os colaboradores da Monter Mercado, dando at\u00e9 bonifica\u00e7\u00e3o, mas inicia colocando uma foto dela como o melhor desempenho. Os funcion\u00e1rios d\u00e3o risada. Telma desabafa com Amanda, pede um pouco mais [&hellip;]<\/p>\n","protected":false},"author":3,"featured_media":232241,"comment_status":"closed","ping_status":"closed","sticky":false,"template":"","format":"standard","meta":{"tdm_status":"","tdm_grid_status":"","footnotes":""},"categories":[2306,379,2025,372,343],"tags":[441],"class_list":{"0":"post-233468","1":"post","2":"type-post","3":"status-publish","4":"format-standard","5":"has-post-thumbnail","7":"category-novela-romeu-e-julieta","8":"category-novelas","9":"category-resumo","10":"category-sbt","11":"category-televisao","12":"tag-resumo-do-dia"},"_links":{"self":[{"href":"https:\/\/migracao.redenoticia.com.br\/noticia\/wp-json\/wp\/v2\/posts\/233468","targetHints":{"allow":["GET"]}}],"collection":[{"href":"https:\/\/migracao.redenoticia.com.br\/noticia\/wp-json\/wp\/v2\/posts"}],"about":[{"href":"https:\/\/migracao.redenoticia.com.br\/noticia\/wp-json\/wp\/v2\/types\/post"}],"author":[{"embeddable":true,"href":"https:\/\/migracao.redenoticia.com.br\/noticia\/wp-json\/wp\/v2\/users\/3"}],"replies":[{"embeddable":true,"href":"https:\/\/migracao.redenoticia.com.br\/noticia\/wp-json\/wp\/v2\/comments?post=233468"}],"version-history":[{"count":0,"href":"https:\/\/migracao.redenoticia.com.br\/noticia\/wp-json\/wp\/v2\/posts\/233468\/revisions"}],"wp:featuredmedia":[{"embeddable":true,"href":"https:\/\/migracao.redenoticia.com.br\/noticia\/wp-json\/wp\/v2\/media\/232241"}],"wp:attachment":[{"href":"https:\/\/migracao.redenoticia.com.br\/noticia\/wp-json\/wp\/v2\/media?parent=233468"}],"wp:term":[{"taxonomy":"category","embeddable":true,"href":"https:\/\/migracao.redenoticia.com.br\/noticia\/wp-json\/wp\/v2\/categories?post=233468"},{"taxonomy":"post_tag","embeddable":true,"href":"https:\/\/migracao.redenoticia.com.br\/noticia\/wp-json\/wp\/v2\/tags?post=233468"}],"curies":[{"name":"wp","href":"https:\/\/api.w.org\/{rel}","templated":true}]}}