{"id":233498,"date":"2023-06-08T15:15:01","date_gmt":"2023-06-08T18:15:01","guid":{"rendered":"https:\/\/www.redenoticia.com.br\/noticia\/?p=233498"},"modified":"2023-06-08T15:15:17","modified_gmt":"2023-06-08T18:15:17","slug":"resumo-terra-e-paixao-09-06-aline-impoe-que-antonio-lhe-peca-perdao-de-joelhos","status":"publish","type":"post","link":"https:\/\/migracao.redenoticia.com.br\/noticia\/2023\/resumo-terra-e-paixao-09-06-aline-impoe-que-antonio-lhe-peca-perdao-de-joelhos\/233498","title":{"rendered":"Resumo &#8220;Terra e Paix\u00e3o&#8221; 09\/06: Aline imp\u00f5e que Ant\u00f4nio lhe pe\u00e7a perd\u00e3o de joelhos"},"content":{"rendered":"<p> <img loading=\"lazy\" decoding=\"async\" src=\"https:\/\/migracao.redenoticia.com.br\/noticia\/imagens\/novela-terra-e-paixao-resumo.jpg\" alt=\"\" width=\"1280\" height=\"720\" class=\"aligncenter size-full wp-image-231930\" srcset=\"https:\/\/migracao.redenoticia.com.br\/noticia\/imagens\/novela-terra-e-paixao-resumo.jpg 1280w, https:\/\/migracao.redenoticia.com.br\/noticia\/imagens\/novela-terra-e-paixao-resumo-250x140.jpg 250w, https:\/\/migracao.redenoticia.com.br\/noticia\/imagens\/novela-terra-e-paixao-resumo-400x225.jpg 400w, https:\/\/migracao.redenoticia.com.br\/noticia\/imagens\/novela-terra-e-paixao-resumo-768x432.jpg 768w, https:\/\/migracao.redenoticia.com.br\/noticia\/imagens\/novela-terra-e-paixao-resumo-150x84.jpg 150w\" sizes=\"auto, (max-width: 1280px) 100vw, 1280px\" \/> <\/p>\n<p><strong><em>Resumo da novela &#8220;Terra e Paix\u00e3o&#8221;<\/em><\/strong> em 09\/06: no cap\u00edtulo 029(*) da novela, Aline se recusa a negociar o uso da \u00e1gua com Ant\u00f4nio. Aline pensa em voltar a dar aula na escola para suprir as necessidades da casa. Franco explica para Ant\u00f4nio que n\u00e3o \u00e9 poss\u00edvel iniciar o processo de leil\u00e3o das terras de Aline. Jurec\u00ea diz a Yandara que ela deve deixar a aldeia. Ant\u00f4nio se emociona ao ver Caio no t\u00famulo de Agatha. Aline imp\u00f5e que Ant\u00f4nio lhe pe\u00e7a perd\u00e3o de joelhos para negociar a \u00e1gua com o produtor.<\/p>\n<p>Ant\u00f4nio se nega a se ajoelhar na frente de Aline e humilha Daniel. Irene comenta com Gladys que Ant\u00f4nio n\u00e3o gostar\u00e1 de saber que Aline voltar\u00e1 a lecionar na escola. Luigi fica sabendo por Cac\u00e1 que Berenice comprou o colar de Gladys. Elias se inscreve na academia de Odilon para treinar. Luigi pede a Kelvin que consiga reaver para ele o colar que est\u00e1 com Berenice. Elias pega o dinheiro de Mara. Gladys n\u00e3o aceita Aline na escola. Irene manda Petra ficar pr\u00f3xima de Caio para conhecer detalhes da produ\u00e7\u00e3o. Franco nega a Aline um prazo maior para pagar o empr\u00e9stimo. Caio encontra Aline.<\/p>\n<p>(*) edi\u00e7\u00e3o das novelas da Globo, &#8220;Terra e Paix\u00e3o&#8221;, sujeito a altera\u00e7\u00e3o de data e conte\u00fado.<\/p>\n<p>Sinopse &#8220;Terra e Paix\u00e3o&#8221;: Aline vive ao lado do marido Samuel e do filho Jo\u00e3o. Ap\u00f3s um atentado em sua casa, v\u00ea-se sozinha com o menino diante das terras deixadas pelo marido. Aline aprende a plantar com a ajuda de Jonatas, um amigo fiel. Al\u00e9m de contar com ele, tem ao seu lado sua m\u00e3e. Aline se aproxima dos irm\u00e3os Caio e Daniel, filhos do poderoso fazendeiro Ant\u00f4nio, com quem precisa brigar para manter suas terras. Ao lado dos dois rapazes, descobre sentimentos novos. Ant\u00f4nio La Selva \u00e9 casado com Irene com quem tem dois filhos, Daniel e Petra. Ele foi muito apaixonado por Agatha, com quem teve Caio, e culpa o rapaz pela morte da m\u00e3e no pr\u00e9-parto. <\/p>\n","protected":false},"excerpt":{"rendered":"<p>Resumo da novela &#8220;Terra e Paix\u00e3o&#8221; em 09\/06: no cap\u00edtulo 029(*) da novela, Aline se recusa a negociar o uso da \u00e1gua com Ant\u00f4nio. Aline pensa em voltar a dar aula na escola para suprir as necessidades da casa. Franco explica para Ant\u00f4nio que n\u00e3o \u00e9 poss\u00edvel iniciar o processo de leil\u00e3o das terras de [&hellip;]<\/p>\n","protected":false},"author":2,"featured_media":231928,"comment_status":"closed","ping_status":"closed","sticky":false,"template":"","format":"standard","meta":{"tdm_status":"","tdm_grid_status":"","footnotes":""},"categories":[379,375,2025,343,2305],"tags":[441],"class_list":{"0":"post-233498","1":"post","2":"type-post","3":"status-publish","4":"format-standard","5":"has-post-thumbnail","7":"category-novelas","8":"category-rede-globo","9":"category-resumo","10":"category-televisao","11":"category-terra-e-paixao","12":"tag-resumo-do-dia"},"_links":{"self":[{"href":"https:\/\/migracao.redenoticia.com.br\/noticia\/wp-json\/wp\/v2\/posts\/233498","targetHints":{"allow":["GET"]}}],"collection":[{"href":"https:\/\/migracao.redenoticia.com.br\/noticia\/wp-json\/wp\/v2\/posts"}],"about":[{"href":"https:\/\/migracao.redenoticia.com.br\/noticia\/wp-json\/wp\/v2\/types\/post"}],"author":[{"embeddable":true,"href":"https:\/\/migracao.redenoticia.com.br\/noticia\/wp-json\/wp\/v2\/users\/2"}],"replies":[{"embeddable":true,"href":"https:\/\/migracao.redenoticia.com.br\/noticia\/wp-json\/wp\/v2\/comments?post=233498"}],"version-history":[{"count":0,"href":"https:\/\/migracao.redenoticia.com.br\/noticia\/wp-json\/wp\/v2\/posts\/233498\/revisions"}],"wp:featuredmedia":[{"embeddable":true,"href":"https:\/\/migracao.redenoticia.com.br\/noticia\/wp-json\/wp\/v2\/media\/231928"}],"wp:attachment":[{"href":"https:\/\/migracao.redenoticia.com.br\/noticia\/wp-json\/wp\/v2\/media?parent=233498"}],"wp:term":[{"taxonomy":"category","embeddable":true,"href":"https:\/\/migracao.redenoticia.com.br\/noticia\/wp-json\/wp\/v2\/categories?post=233498"},{"taxonomy":"post_tag","embeddable":true,"href":"https:\/\/migracao.redenoticia.com.br\/noticia\/wp-json\/wp\/v2\/tags?post=233498"}],"curies":[{"name":"wp","href":"https:\/\/api.w.org\/{rel}","templated":true}]}}