{"id":233522,"date":"2023-06-08T14:50:40","date_gmt":"2023-06-08T17:50:40","guid":{"rendered":"https:\/\/www.redenoticia.com.br\/noticia\/?p=233522"},"modified":"2023-06-08T14:50:40","modified_gmt":"2023-06-08T17:50:40","slug":"resumo-a-infancia-de-romeu-e-julieta-09-06-fausto-descobre-que-cranio-e-dimitri","status":"publish","type":"post","link":"https:\/\/migracao.redenoticia.com.br\/noticia\/2023\/resumo-a-infancia-de-romeu-e-julieta-09-06-fausto-descobre-que-cranio-e-dimitri\/233522","title":{"rendered":"Resumo \u201cA Inf\u00e2ncia de Romeu e Julieta\u201d 09\/06: Fausto descobre que Cr\u00e2nio \u00e9 Dimitri"},"content":{"rendered":"<p> <img loading=\"lazy\" decoding=\"async\" src=\"https:\/\/migracao.redenoticia.com.br\/noticia\/imagens\/novela-romeu-e-julieta-sbt-elenco-resumo.jpg\" alt=\"\" width=\"1280\" height=\"720\" class=\"aligncenter size-full wp-image-232242\" srcset=\"https:\/\/migracao.redenoticia.com.br\/noticia\/imagens\/novela-romeu-e-julieta-sbt-elenco-resumo.jpg 1280w, https:\/\/migracao.redenoticia.com.br\/noticia\/imagens\/novela-romeu-e-julieta-sbt-elenco-resumo-250x140.jpg 250w, https:\/\/migracao.redenoticia.com.br\/noticia\/imagens\/novela-romeu-e-julieta-sbt-elenco-resumo-400x225.jpg 400w, https:\/\/migracao.redenoticia.com.br\/noticia\/imagens\/novela-romeu-e-julieta-sbt-elenco-resumo-768x432.jpg 768w, https:\/\/migracao.redenoticia.com.br\/noticia\/imagens\/novela-romeu-e-julieta-sbt-elenco-resumo-150x84.jpg 150w\" sizes=\"auto, (max-width: 1280px) 100vw, 1280px\" \/><\/p>\n<p><strong><em>Resumo da novela \u201cA Inf\u00e2ncia de Romeu e Julieta\u201d<\/em><\/strong> em 09\/06: no cap\u00edtulo 025(*) da novela, Patrick esbarra com Karen na fonte e ambos se perguntam o que est\u00e3o procurando. Em encontro com Leandro, Telma diz que mudou de ideia e quer vender a casa. Trapa\u00e7a tem ajuda de Ian, Nath e Ellen para pegar as bicicletas dos integrantes do Pedalzera. A gangue Pedalzera cola adesivos no condom\u00ednio do Lado Torre, Fausto avista e alerta os seguran\u00e7as para correrem atr\u00e1s dos v\u00e2ndalos. Fausto pega Cr\u00e2nio, abaixa a m\u00e1scara e descobre que \u00e9 Dimitri. O resto dos pestinhas foge. <\/p>\n<p>Leon fala para Ian que roubar \u00e9 errado. Alex d\u00e1 apoio para Rosalina n\u00e3o ficar triste com a sinceridade de Romeu. Julieta e Romeu acham que \u00e9 melhor n\u00e3o ficarem na fonte e Julieta convida Romeu para conhecer a casa dela. Mais tarde, Julieta apresenta a casa para Romeu, que conhece a estufa. Junto com Amanda, Vitor apoia a ideia do restaurante no Armaz\u00e9m e deseja ser o gerente. Mari \u00e9 contra a concep\u00e7\u00e3o dos dois.<\/p>\n<p>H\u00e9lio alega a Telma que conseguiu um adiantamento para ela, mas Telma responde que n\u00e3o precisa mais do dinheiro. Pedalzera percebe que n\u00e3o tem a mesma intimida\u00e7\u00e3o sem as bikes. Karen diz para Alex que viu Romeu entrando no Lado Vila. Eles suspeitam que o amigo estava atr\u00e1s de Julieta. Patrick tamb\u00e9m revela a T\u00e9o que viu Julieta indo para a fonte desativada. Julieta explica para Romeu que os pais s\u00e3o separados. Romeu fala que \u00e9 estranho pensar que Mariana foi a bab\u00e1 dele. <\/p>\n<p>Romeu conta sobre a fam\u00edlia dele para Julieta. Enzo nota as bikes na frente da casa dele e questiona Nath, que d\u00e1 uma desculpa. A gangue Pedalzera encontra com Trapa\u00e7a, que \u00e9 interrogada sobre as bikes; Trapa\u00e7a diz que eles n\u00e3o s\u00e3o os mesmos com a lideran\u00e7a de Cr\u00e2nio. Clara vai at\u00e9 a estufa e Romeu e Julieta se escondem. Lorenzo alerta Clara de perigo.<\/p>\n<p>(*) edi\u00e7\u00e3o das novelas do SBT, \u201cA Inf\u00e2ncia de Romeu e Julieta\u201d, sujeito a altera\u00e7\u00e3o de data e conte\u00fado.<\/p>\n<p>Sinopse \u201cA Inf\u00e2ncia de Romeu e Julieta\u201d: A Trama se passa no bairro chamado castanheiras, em que duas fam\u00edlias com propostas diferentes para esse bairro vivem em disc\u00f3rdia, sendo divididas entre os lados Torre (Campos) e Vila (Monteiro).[6] Entretanto, Romeu (Miguel \u00c2ngelo) e Julieta (Vitt\u00f3ria Seixas) se conhecem, da\u00ed em diante, as fam\u00edlias rivais t\u00eam uma nova oportunidade de trazer paz e uni\u00e3o entre o conv\u00edvio deles. <\/p>\n<p>Romeu e Julieta n\u00e3o sabem como v\u00e3o fazer para ficarem juntos. A not\u00edcia do romance chega \u00e0s fam\u00edlias, que n\u00e3o gostam nada da hist\u00f3ria e tratam de afasta-los imediatamente, aprontando v\u00e1rias situa\u00e7\u00f5es. Romeu e Julieta querem acabar com essa hostilidade e tentam ir atr\u00e1s de uma solu\u00e7\u00e3o, mas ao descobrirem mais sobre a hist\u00f3ria de seus pais, percebem que pode ser imposs\u00edvel.<\/p>\n","protected":false},"excerpt":{"rendered":"<p>Resumo da novela \u201cA Inf\u00e2ncia de Romeu e Julieta\u201d em 09\/06: no cap\u00edtulo 025(*) da novela, Patrick esbarra com Karen na fonte e ambos se perguntam o que est\u00e3o procurando. Em encontro com Leandro, Telma diz que mudou de ideia e quer vender a casa. Trapa\u00e7a tem ajuda de Ian, Nath e Ellen para pegar [&hellip;]<\/p>\n","protected":false},"author":2,"featured_media":232241,"comment_status":"closed","ping_status":"closed","sticky":false,"template":"","format":"standard","meta":{"tdm_status":"","tdm_grid_status":"","footnotes":""},"categories":[2306,379,2025,372,343],"tags":[441],"class_list":{"0":"post-233522","1":"post","2":"type-post","3":"status-publish","4":"format-standard","5":"has-post-thumbnail","7":"category-novela-romeu-e-julieta","8":"category-novelas","9":"category-resumo","10":"category-sbt","11":"category-televisao","12":"tag-resumo-do-dia"},"_links":{"self":[{"href":"https:\/\/migracao.redenoticia.com.br\/noticia\/wp-json\/wp\/v2\/posts\/233522","targetHints":{"allow":["GET"]}}],"collection":[{"href":"https:\/\/migracao.redenoticia.com.br\/noticia\/wp-json\/wp\/v2\/posts"}],"about":[{"href":"https:\/\/migracao.redenoticia.com.br\/noticia\/wp-json\/wp\/v2\/types\/post"}],"author":[{"embeddable":true,"href":"https:\/\/migracao.redenoticia.com.br\/noticia\/wp-json\/wp\/v2\/users\/2"}],"replies":[{"embeddable":true,"href":"https:\/\/migracao.redenoticia.com.br\/noticia\/wp-json\/wp\/v2\/comments?post=233522"}],"version-history":[{"count":0,"href":"https:\/\/migracao.redenoticia.com.br\/noticia\/wp-json\/wp\/v2\/posts\/233522\/revisions"}],"wp:featuredmedia":[{"embeddable":true,"href":"https:\/\/migracao.redenoticia.com.br\/noticia\/wp-json\/wp\/v2\/media\/232241"}],"wp:attachment":[{"href":"https:\/\/migracao.redenoticia.com.br\/noticia\/wp-json\/wp\/v2\/media?parent=233522"}],"wp:term":[{"taxonomy":"category","embeddable":true,"href":"https:\/\/migracao.redenoticia.com.br\/noticia\/wp-json\/wp\/v2\/categories?post=233522"},{"taxonomy":"post_tag","embeddable":true,"href":"https:\/\/migracao.redenoticia.com.br\/noticia\/wp-json\/wp\/v2\/tags?post=233522"}],"curies":[{"name":"wp","href":"https:\/\/api.w.org\/{rel}","templated":true}]}}