{"id":233543,"date":"2023-06-09T14:55:13","date_gmt":"2023-06-09T17:55:13","guid":{"rendered":"https:\/\/www.redenoticia.com.br\/noticia\/?p=233543"},"modified":"2023-06-09T14:55:13","modified_gmt":"2023-06-09T17:55:13","slug":"resumo-a-infancia-de-romeu-e-julieta-12-06-alex-desconfia-que-romeu-sai-com-juli","status":"publish","type":"post","link":"https:\/\/migracao.redenoticia.com.br\/noticia\/2023\/resumo-a-infancia-de-romeu-e-julieta-12-06-alex-desconfia-que-romeu-sai-com-juli\/233543","title":{"rendered":"Resumo \u201cA Inf\u00e2ncia de Romeu e Julieta\u201d 12\/06: Alex desconfia que Romeu sai com Juli"},"content":{"rendered":"<p> <img loading=\"lazy\" decoding=\"async\" src=\"https:\/\/migracao.redenoticia.com.br\/noticia\/imagens\/novela-romeu-e-julieta-sbt-elenco-resumo.jpg\" alt=\"\" width=\"1280\" height=\"720\" class=\"aligncenter size-full wp-image-232242\" srcset=\"https:\/\/migracao.redenoticia.com.br\/noticia\/imagens\/novela-romeu-e-julieta-sbt-elenco-resumo.jpg 1280w, https:\/\/migracao.redenoticia.com.br\/noticia\/imagens\/novela-romeu-e-julieta-sbt-elenco-resumo-250x140.jpg 250w, https:\/\/migracao.redenoticia.com.br\/noticia\/imagens\/novela-romeu-e-julieta-sbt-elenco-resumo-400x225.jpg 400w, https:\/\/migracao.redenoticia.com.br\/noticia\/imagens\/novela-romeu-e-julieta-sbt-elenco-resumo-768x432.jpg 768w, https:\/\/migracao.redenoticia.com.br\/noticia\/imagens\/novela-romeu-e-julieta-sbt-elenco-resumo-150x84.jpg 150w\" sizes=\"auto, (max-width: 1280px) 100vw, 1280px\" \/><\/p>\n<p><strong><em>Resumo da novela \u201cA Inf\u00e2ncia de Romeu e Julieta\u201d<\/em><\/strong> em 12\/06: no cap\u00edtulo 026(*) da novela, Clara vai at\u00e9 a estufa e Romeu e Julieta se escondem. Lorenzo alerta Clara de perigo. Ap\u00f3s ficarem a s\u00f3s, Romeu e Julieta se despedem. O garoto convida Juli para futuramente conhecer o mundo dele no Lado Torre. Bass\u00e2nio descobre que Fausto \u00e9 pai de P\u00f3rcia e pede desculpa para a jovem por ter falado mal do pai dela. Sem saber, Vera e Bernardo comemoram o anivers\u00e1rio de casamento no restaurante em que Daniel trabalha. Telma revela \u00e0s filhas que teve que vender a casa e que elas v\u00e3o se mudar para o Lado Torre. Alex pergunta a Romeu se ele est\u00e1 andando pelo Lado Vila. Romeu admite que visitou, mas que foi procurar um presente para os pais. <\/p>\n<p>Alex desconfia que Romeu sai com Julieta. Vera e Bernardo ficam surpresos quando encontram Daniel no restaurante. Vera deseja ir embora do local, dizendo que Daniel pode cuspir no prato dela. Daniel afirma que ele \u00e9 profissional. Karen fica feliz com a not\u00edcia da nova moradia no Residencial Verona, mas L\u00edvia chora. Telma explica \u00e0s filhas que n\u00e3o tinha dinheiro e que recebeu uma proposta irrecus\u00e1vel de Leandro. Telma pede \u00e0s filhas n\u00e3o contarem sobre a novidade para os amigos. Enzo derruba a pasta de documentos na frente da Amanda, deixa cair o material da Monter, e a esposa descobre que ele est\u00e1 trabalhando na empresa dos seus rivais. Enzo alega que precisava do emprego para ajudar nas finan\u00e7as. <\/p>\n<p>Mesmo irritada, Amanda respeita a decis\u00e3o do marido, mas diz que precisa contar para a Mariana. Depois de passar muito tempo fora de casa, Dimitri leva bronca dos pais. Glaucia diz que agora Dimitri s\u00f3 vai sair com Nando. Na hora de fechar o Armaz\u00e9m, Vitor esquece de trancar a porta e, sem perceber, deixa uma cachorra entrar. No dia seguinte, Vitor nota o Armaz\u00e9m destru\u00eddo. L\u00edvia fica triste com a mudan\u00e7a, j\u00e1 que a casa gera as mem\u00f3rias do pai falecido. Karen aconselha a irm\u00e3 e fala que o amor dele vai al\u00e9m da resid\u00eancia.<\/p>\n<p>(*) edi\u00e7\u00e3o das novelas do SBT, \u201cA Inf\u00e2ncia de Romeu e Julieta\u201d, sujeito a altera\u00e7\u00e3o de data e conte\u00fado.<\/p>\n<p>Sinopse \u201cA Inf\u00e2ncia de Romeu e Julieta\u201d: A Trama se passa no bairro chamado castanheiras, em que duas fam\u00edlias com propostas diferentes para esse bairro vivem em disc\u00f3rdia, sendo divididas entre os lados Torre (Campos) e Vila (Monteiro).[6] Entretanto, Romeu (Miguel \u00c2ngelo) e Julieta (Vitt\u00f3ria Seixas) se conhecem, da\u00ed em diante, as fam\u00edlias rivais t\u00eam uma nova oportunidade de trazer paz e uni\u00e3o entre o conv\u00edvio deles. <\/p>\n<p>Romeu e Julieta n\u00e3o sabem como v\u00e3o fazer para ficarem juntos. A not\u00edcia do romance chega \u00e0s fam\u00edlias, que n\u00e3o gostam nada da hist\u00f3ria e tratam de afasta-los imediatamente, aprontando v\u00e1rias situa\u00e7\u00f5es. Romeu e Julieta querem acabar com essa hostilidade e tentam ir atr\u00e1s de uma solu\u00e7\u00e3o, mas ao descobrirem mais sobre a hist\u00f3ria de seus pais, percebem que pode ser imposs\u00edvel.<\/p>\n","protected":false},"excerpt":{"rendered":"<p>Resumo da novela \u201cA Inf\u00e2ncia de Romeu e Julieta\u201d em 12\/06: no cap\u00edtulo 026(*) da novela, Clara vai at\u00e9 a estufa e Romeu e Julieta se escondem. Lorenzo alerta Clara de perigo. Ap\u00f3s ficarem a s\u00f3s, Romeu e Julieta se despedem. O garoto convida Juli para futuramente conhecer o mundo dele no Lado Torre. Bass\u00e2nio [&hellip;]<\/p>\n","protected":false},"author":5,"featured_media":232241,"comment_status":"closed","ping_status":"closed","sticky":false,"template":"","format":"standard","meta":{"tdm_status":"","tdm_grid_status":"","footnotes":""},"categories":[2306,379,2025,372,343],"tags":[441],"class_list":{"0":"post-233543","1":"post","2":"type-post","3":"status-publish","4":"format-standard","5":"has-post-thumbnail","7":"category-novela-romeu-e-julieta","8":"category-novelas","9":"category-resumo","10":"category-sbt","11":"category-televisao","12":"tag-resumo-do-dia"},"_links":{"self":[{"href":"https:\/\/migracao.redenoticia.com.br\/noticia\/wp-json\/wp\/v2\/posts\/233543","targetHints":{"allow":["GET"]}}],"collection":[{"href":"https:\/\/migracao.redenoticia.com.br\/noticia\/wp-json\/wp\/v2\/posts"}],"about":[{"href":"https:\/\/migracao.redenoticia.com.br\/noticia\/wp-json\/wp\/v2\/types\/post"}],"author":[{"embeddable":true,"href":"https:\/\/migracao.redenoticia.com.br\/noticia\/wp-json\/wp\/v2\/users\/5"}],"replies":[{"embeddable":true,"href":"https:\/\/migracao.redenoticia.com.br\/noticia\/wp-json\/wp\/v2\/comments?post=233543"}],"version-history":[{"count":0,"href":"https:\/\/migracao.redenoticia.com.br\/noticia\/wp-json\/wp\/v2\/posts\/233543\/revisions"}],"wp:featuredmedia":[{"embeddable":true,"href":"https:\/\/migracao.redenoticia.com.br\/noticia\/wp-json\/wp\/v2\/media\/232241"}],"wp:attachment":[{"href":"https:\/\/migracao.redenoticia.com.br\/noticia\/wp-json\/wp\/v2\/media?parent=233543"}],"wp:term":[{"taxonomy":"category","embeddable":true,"href":"https:\/\/migracao.redenoticia.com.br\/noticia\/wp-json\/wp\/v2\/categories?post=233543"},{"taxonomy":"post_tag","embeddable":true,"href":"https:\/\/migracao.redenoticia.com.br\/noticia\/wp-json\/wp\/v2\/tags?post=233543"}],"curies":[{"name":"wp","href":"https:\/\/api.w.org\/{rel}","templated":true}]}}