{"id":233638,"date":"2023-06-12T15:27:20","date_gmt":"2023-06-12T18:27:20","guid":{"rendered":"https:\/\/www.redenoticia.com.br\/noticia\/?p=233638"},"modified":"2023-06-12T22:24:05","modified_gmt":"2023-06-13T01:24:05","slug":"resumo-terra-e-paixao-13-06-desconfiado-daniel-pede-a-graca-um-ultrassom-do-bebe","status":"publish","type":"post","link":"https:\/\/migracao.redenoticia.com.br\/noticia\/2023\/resumo-terra-e-paixao-13-06-desconfiado-daniel-pede-a-graca-um-ultrassom-do-bebe\/233638","title":{"rendered":"Resumo &#8220;Terra e Paix\u00e3o&#8221; 13\/06: desconfiado, Daniel pede a Gra\u00e7a um ultrassom do beb\u00ea"},"content":{"rendered":"<p> <img loading=\"lazy\" decoding=\"async\" src=\"https:\/\/migracao.redenoticia.com.br\/noticia\/imagens\/novela-terra-e-paixao-resumo.jpg\" alt=\"\" width=\"1280\" height=\"720\" class=\"aligncenter size-full wp-image-231930\" srcset=\"https:\/\/migracao.redenoticia.com.br\/noticia\/imagens\/novela-terra-e-paixao-resumo.jpg 1280w, https:\/\/migracao.redenoticia.com.br\/noticia\/imagens\/novela-terra-e-paixao-resumo-250x140.jpg 250w, https:\/\/migracao.redenoticia.com.br\/noticia\/imagens\/novela-terra-e-paixao-resumo-400x225.jpg 400w, https:\/\/migracao.redenoticia.com.br\/noticia\/imagens\/novela-terra-e-paixao-resumo-768x432.jpg 768w, https:\/\/migracao.redenoticia.com.br\/noticia\/imagens\/novela-terra-e-paixao-resumo-150x84.jpg 150w\" sizes=\"auto, (max-width: 1280px) 100vw, 1280px\" \/> <\/p>\n<p><strong><em>Resumo da novela &#8220;Terra e Paix\u00e3o&#8221;<\/em><\/strong> em 13\/06: no cap\u00edtulo 032(*) da novela, Ramiro e um capanga observam Jo\u00e3o brincar do lado de fora da casa de Aline. Anely flagra Enzo pegando seu laptop. Enzo chantageia Anely. Ramiro sequestra Jo\u00e3o. Caio afirma a Marino que Jo\u00e3o foi raptado.<\/p>\n<p>Ramiro pede ajuda a Kelvin para ter um \u00e1libi. Caio acusa o pai de estar por tr\u00e1s do sumi\u00e7o do Jo\u00e3o e Irene aproveita a rea\u00e7\u00e3o de Ant\u00f4nio para enaltecer os filhos. Lucinda se tranca no quarto para se proteger de Andrade. Daniel pede a Gra\u00e7a um ultrassom. <\/p>\n<p>Marino diz a Aline e Jonatas que n\u00e3o tem como acusar Ant\u00f4nio do sequestro de Jo\u00e3o sem evid\u00eancias. Ant\u00f4nio reage quando Daniel pergunta se o pai est\u00e1 envolvido no sumi\u00e7o de Jo\u00e3o. Ruan avisa a Ramiro que Caio est\u00e1 \u00e0 procura do capanga. Aline pergunta a Ant\u00f4nio se ele quer negociar a soltura de Jo\u00e3o em troca da \u00e1gua. <\/p>\n<p>(*) edi\u00e7\u00e3o das novelas da Globo, &#8220;Terra e Paix\u00e3o&#8221;, sujeito a altera\u00e7\u00e3o de data e conte\u00fado.<\/p>\n<p>Sinopse &#8220;Terra e Paix\u00e3o&#8221;: Aline vive ao lado do marido Samuel e do filho Jo\u00e3o. Ap\u00f3s um atentado em sua casa, v\u00ea-se sozinha com o menino diante das terras deixadas pelo marido. Aline aprende a plantar com a ajuda de Jonatas, um amigo fiel. Al\u00e9m de contar com ele, tem ao seu lado sua m\u00e3e. Aline se aproxima dos irm\u00e3os Caio e Daniel, filhos do poderoso fazendeiro Ant\u00f4nio, com quem precisa brigar para manter suas terras. Ao lado dos dois rapazes, descobre sentimentos novos. Ant\u00f4nio La Selva \u00e9 casado com Irene com quem tem dois filhos, Daniel e Petra. Ele foi muito apaixonado por Agatha, com quem teve Caio, e culpa o rapaz pela morte da m\u00e3e no pr\u00e9-parto. <\/p>\n","protected":false},"excerpt":{"rendered":"<p>Resumo da novela &#8220;Terra e Paix\u00e3o&#8221; em 13\/06: no cap\u00edtulo 032(*) da novela, Ramiro e um capanga observam Jo\u00e3o brincar do lado de fora da casa de Aline. Anely flagra Enzo pegando seu laptop. Enzo chantageia Anely. Ramiro sequestra Jo\u00e3o. Caio afirma a Marino que Jo\u00e3o foi raptado. Ramiro pede ajuda a Kelvin para ter [&hellip;]<\/p>\n","protected":false},"author":2,"featured_media":231928,"comment_status":"closed","ping_status":"closed","sticky":false,"template":"","format":"standard","meta":{"tdm_status":"","tdm_grid_status":"","footnotes":""},"categories":[379,375,2025,343,2305],"tags":[441],"class_list":{"0":"post-233638","1":"post","2":"type-post","3":"status-publish","4":"format-standard","5":"has-post-thumbnail","7":"category-novelas","8":"category-rede-globo","9":"category-resumo","10":"category-televisao","11":"category-terra-e-paixao","12":"tag-resumo-do-dia"},"_links":{"self":[{"href":"https:\/\/migracao.redenoticia.com.br\/noticia\/wp-json\/wp\/v2\/posts\/233638","targetHints":{"allow":["GET"]}}],"collection":[{"href":"https:\/\/migracao.redenoticia.com.br\/noticia\/wp-json\/wp\/v2\/posts"}],"about":[{"href":"https:\/\/migracao.redenoticia.com.br\/noticia\/wp-json\/wp\/v2\/types\/post"}],"author":[{"embeddable":true,"href":"https:\/\/migracao.redenoticia.com.br\/noticia\/wp-json\/wp\/v2\/users\/2"}],"replies":[{"embeddable":true,"href":"https:\/\/migracao.redenoticia.com.br\/noticia\/wp-json\/wp\/v2\/comments?post=233638"}],"version-history":[{"count":0,"href":"https:\/\/migracao.redenoticia.com.br\/noticia\/wp-json\/wp\/v2\/posts\/233638\/revisions"}],"wp:featuredmedia":[{"embeddable":true,"href":"https:\/\/migracao.redenoticia.com.br\/noticia\/wp-json\/wp\/v2\/media\/231928"}],"wp:attachment":[{"href":"https:\/\/migracao.redenoticia.com.br\/noticia\/wp-json\/wp\/v2\/media?parent=233638"}],"wp:term":[{"taxonomy":"category","embeddable":true,"href":"https:\/\/migracao.redenoticia.com.br\/noticia\/wp-json\/wp\/v2\/categories?post=233638"},{"taxonomy":"post_tag","embeddable":true,"href":"https:\/\/migracao.redenoticia.com.br\/noticia\/wp-json\/wp\/v2\/tags?post=233638"}],"curies":[{"name":"wp","href":"https:\/\/api.w.org\/{rel}","templated":true}]}}