{"id":233642,"date":"2023-06-12T15:19:53","date_gmt":"2023-06-12T18:19:53","guid":{"rendered":"https:\/\/www.redenoticia.com.br\/noticia\/?p=233642"},"modified":"2023-06-12T15:19:53","modified_gmt":"2023-06-12T18:19:53","slug":"resumo-a-infancia-de-romeu-e-julieta-13-06-dimitri-compra-bicicletas-com-cartao-da-mae","status":"publish","type":"post","link":"https:\/\/migracao.redenoticia.com.br\/noticia\/2023\/resumo-a-infancia-de-romeu-e-julieta-13-06-dimitri-compra-bicicletas-com-cartao-da-mae\/233642","title":{"rendered":"Resumo \u201cA Inf\u00e2ncia de Romeu e Julieta\u201d 13\/06: Dimitri compra bicicletas com cart\u00e3o da m\u00e3e"},"content":{"rendered":"<p> <img loading=\"lazy\" decoding=\"async\" src=\"https:\/\/migracao.redenoticia.com.br\/noticia\/imagens\/novela-romeu-e-julieta-sbt-elenco-resumo.jpg\" alt=\"\" width=\"1280\" height=\"720\" class=\"aligncenter size-full wp-image-232242\" srcset=\"https:\/\/migracao.redenoticia.com.br\/noticia\/imagens\/novela-romeu-e-julieta-sbt-elenco-resumo.jpg 1280w, https:\/\/migracao.redenoticia.com.br\/noticia\/imagens\/novela-romeu-e-julieta-sbt-elenco-resumo-250x140.jpg 250w, https:\/\/migracao.redenoticia.com.br\/noticia\/imagens\/novela-romeu-e-julieta-sbt-elenco-resumo-400x225.jpg 400w, https:\/\/migracao.redenoticia.com.br\/noticia\/imagens\/novela-romeu-e-julieta-sbt-elenco-resumo-768x432.jpg 768w, https:\/\/migracao.redenoticia.com.br\/noticia\/imagens\/novela-romeu-e-julieta-sbt-elenco-resumo-150x84.jpg 150w\" sizes=\"auto, (max-width: 1280px) 100vw, 1280px\" \/><\/p>\n<p><strong><em>Resumo da novela \u201cA Inf\u00e2ncia de Romeu e Julieta\u201d<\/em><\/strong> em 13\/06: no cap\u00edtulo 027(*) da novela, atrav\u00e9s da pasta que Enzo deixou em cima da mesa, T\u00e9o olha que o padrasto trabalha na Monter, fica decepcionado e pede para Enzo n\u00e3o contar aos amigos dele. Com capuz escondendo o rosto, Romeu busca Julieta no Lado Vila para ela conhecer o Lado Torre. Vitor limpa a bagun\u00e7a da vira-lata enquanto Mari e Amanda chegam no Armaz\u00e9m. Dimitri pega o computador e o cart\u00e3o da m\u00e3e e compra quatro bicicletas. Glaucia descobre e fica furiosa. L\u00edvia re\u00fane os amigos no CEC para contar a novidade da mudan\u00e7a, mas Juli n\u00e3o aparece. <\/p>\n<p>Karen encontra Nando e Alex, e mesmo querendo esperar Romeu para declarar a \u00faltima not\u00edcia, Karen exp\u00f5e que agora vai morar no Verona. Romeu mostra o shopping do Lado Torre para Julieta. Romeu d\u00e1 a blusa com capuz para Julieta. Quando Amanda pretende revelar para Mari sobre a nova empresa em que Enzo trabalha, Vitor aparece e ela muda de assunto. Em um almo\u00e7o com a fam\u00edlia, Leandro diz que conseguiu adquirir um dos principais terrenos no Lado Vila, a casa da Telma, e que est\u00e1 cada vez mais pr\u00f3ximo de realizar o projeto dele. Trapa\u00e7a visita os amigos da gangue Pedalzera e afirma saber onde est\u00e3o as bikes. <\/p>\n<p>Trapa\u00e7a comenta com Cr\u00e2nio que, se ela conseguir as bicicletas de volta, ela volta a ser a nova l\u00edder. Depois da insist\u00eancia de Patrick e T\u00e9o, L\u00edvia finalmente conta que vai morar no Lado Torre. H\u00e9lio escuta e pergunta para a aluna se \u00e9 verdade. Em conversa com Clara, Ellen tamb\u00e9m expressa que vai se mudar. Clara vai at\u00e9 a casa de Telma e questiona a vizinha. Os membros do Pedalzera v\u00e3o at\u00e9 o local que Trapa\u00e7a indicou, mas descobrem que as bikes n\u00e3o est\u00e3o mais no local. Romeu leva Julieta para o escrit\u00f3rio do av\u00f4, e o alarme dispara.<\/p>\n<p>(*) edi\u00e7\u00e3o das novelas do SBT, \u201cA Inf\u00e2ncia de Romeu e Julieta\u201d, sujeito a altera\u00e7\u00e3o de data e conte\u00fado.<\/p>\n<p>Sinopse \u201cA Inf\u00e2ncia de Romeu e Julieta\u201d: A Trama se passa no bairro chamado castanheiras, em que duas fam\u00edlias com propostas diferentes para esse bairro vivem em disc\u00f3rdia, sendo divididas entre os lados Torre (Campos) e Vila (Monteiro).[6] Entretanto, Romeu (Miguel \u00c2ngelo) e Julieta (Vitt\u00f3ria Seixas) se conhecem, da\u00ed em diante, as fam\u00edlias rivais t\u00eam uma nova oportunidade de trazer paz e uni\u00e3o entre o conv\u00edvio deles. <\/p>\n<p>Romeu e Julieta n\u00e3o sabem como v\u00e3o fazer para ficarem juntos. A not\u00edcia do romance chega \u00e0s fam\u00edlias, que n\u00e3o gostam nada da hist\u00f3ria e tratam de afasta-los imediatamente, aprontando v\u00e1rias situa\u00e7\u00f5es. Romeu e Julieta querem acabar com essa hostilidade e tentam ir atr\u00e1s de uma solu\u00e7\u00e3o, mas ao descobrirem mais sobre a hist\u00f3ria de seus pais, percebem que pode ser imposs\u00edvel.<\/p>\n","protected":false},"excerpt":{"rendered":"<p>Resumo da novela \u201cA Inf\u00e2ncia de Romeu e Julieta\u201d em 13\/06: no cap\u00edtulo 027(*) da novela, atrav\u00e9s da pasta que Enzo deixou em cima da mesa, T\u00e9o olha que o padrasto trabalha na Monter, fica decepcionado e pede para Enzo n\u00e3o contar aos amigos dele. Com capuz escondendo o rosto, Romeu busca Julieta no Lado [&hellip;]<\/p>\n","protected":false},"author":3,"featured_media":232241,"comment_status":"closed","ping_status":"closed","sticky":false,"template":"","format":"standard","meta":{"tdm_status":"","tdm_grid_status":"","footnotes":""},"categories":[2306,379,2025,372,343],"tags":[441],"class_list":{"0":"post-233642","1":"post","2":"type-post","3":"status-publish","4":"format-standard","5":"has-post-thumbnail","7":"category-novela-romeu-e-julieta","8":"category-novelas","9":"category-resumo","10":"category-sbt","11":"category-televisao","12":"tag-resumo-do-dia"},"_links":{"self":[{"href":"https:\/\/migracao.redenoticia.com.br\/noticia\/wp-json\/wp\/v2\/posts\/233642","targetHints":{"allow":["GET"]}}],"collection":[{"href":"https:\/\/migracao.redenoticia.com.br\/noticia\/wp-json\/wp\/v2\/posts"}],"about":[{"href":"https:\/\/migracao.redenoticia.com.br\/noticia\/wp-json\/wp\/v2\/types\/post"}],"author":[{"embeddable":true,"href":"https:\/\/migracao.redenoticia.com.br\/noticia\/wp-json\/wp\/v2\/users\/3"}],"replies":[{"embeddable":true,"href":"https:\/\/migracao.redenoticia.com.br\/noticia\/wp-json\/wp\/v2\/comments?post=233642"}],"version-history":[{"count":0,"href":"https:\/\/migracao.redenoticia.com.br\/noticia\/wp-json\/wp\/v2\/posts\/233642\/revisions"}],"wp:featuredmedia":[{"embeddable":true,"href":"https:\/\/migracao.redenoticia.com.br\/noticia\/wp-json\/wp\/v2\/media\/232241"}],"wp:attachment":[{"href":"https:\/\/migracao.redenoticia.com.br\/noticia\/wp-json\/wp\/v2\/media?parent=233642"}],"wp:term":[{"taxonomy":"category","embeddable":true,"href":"https:\/\/migracao.redenoticia.com.br\/noticia\/wp-json\/wp\/v2\/categories?post=233642"},{"taxonomy":"post_tag","embeddable":true,"href":"https:\/\/migracao.redenoticia.com.br\/noticia\/wp-json\/wp\/v2\/tags?post=233642"}],"curies":[{"name":"wp","href":"https:\/\/api.w.org\/{rel}","templated":true}]}}