{"id":233679,"date":"2023-06-13T16:41:55","date_gmt":"2023-06-13T19:41:55","guid":{"rendered":"https:\/\/www.redenoticia.com.br\/noticia\/?p=233679"},"modified":"2023-06-13T22:41:00","modified_gmt":"2023-06-14T01:41:00","slug":"resumo-terra-e-paixao-14-06-antonio-nega-que-tenha-raptado-o-filho-de-aline","status":"publish","type":"post","link":"https:\/\/migracao.redenoticia.com.br\/noticia\/2023\/resumo-terra-e-paixao-14-06-antonio-nega-que-tenha-raptado-o-filho-de-aline\/233679","title":{"rendered":"Resumo &#8220;Terra e Paix\u00e3o&#8221; 14\/06: Aline pede ajuda para encontrar seu filho"},"content":{"rendered":"<p> <img loading=\"lazy\" decoding=\"async\" src=\"https:\/\/migracao.redenoticia.com.br\/noticia\/imagens\/novela-terra-e-paixao-resumo.jpg\" alt=\"\" width=\"1280\" height=\"720\" class=\"aligncenter size-full wp-image-231930\" srcset=\"https:\/\/migracao.redenoticia.com.br\/noticia\/imagens\/novela-terra-e-paixao-resumo.jpg 1280w, https:\/\/migracao.redenoticia.com.br\/noticia\/imagens\/novela-terra-e-paixao-resumo-250x140.jpg 250w, https:\/\/migracao.redenoticia.com.br\/noticia\/imagens\/novela-terra-e-paixao-resumo-400x225.jpg 400w, https:\/\/migracao.redenoticia.com.br\/noticia\/imagens\/novela-terra-e-paixao-resumo-768x432.jpg 768w, https:\/\/migracao.redenoticia.com.br\/noticia\/imagens\/novela-terra-e-paixao-resumo-150x84.jpg 150w\" sizes=\"auto, (max-width: 1280px) 100vw, 1280px\" \/> <\/p>\n<p><strong><em>Resumo da novela &#8220;Terra e Paix\u00e3o&#8221;<\/em><\/strong> em 14\/06: no cap\u00edtulo 033(*) da novela, Lucinda se tranca no quarto para se proteger de Andrade. Daniel pede a Gra\u00e7a um ultrassom. Marino diz a Aline e Jonatas que n\u00e3o tem como acusar Ant\u00f4nio do sequestro de Jo\u00e3o sem evid\u00eancias. Ant\u00f4nio reage quando Daniel pergunta se o pai est\u00e1 envolvido no sumi\u00e7o de Jo\u00e3o. Ruan avisa a Ramiro que Caio est\u00e1 \u00e0 procura do capanga. Aline pergunta a Ant\u00f4nio se ele quer negociar a soltura de Jo\u00e3o em troca da \u00e1gua.<\/p>\n<p>Ant\u00f4nio nega que tenha raptado o filho de Aline. Aline pede ajuda a Daniel para encontrar seu filho. Ademir diz a Irene que sabe que ela n\u00e3o lhe quer por perto porque ele conhece o passado da cunhada. Jurec\u00ea oferece prote\u00e7\u00e3o a Yandara. Gra\u00e7a contrata Yandara para ajudar na loja. Irene garante a Daniel que Ant\u00f4nio n\u00e3o tem a ver com o sumi\u00e7o de Jo\u00e3o. Kelvin avisa a Luigi que o italiano ter\u00e1 que roubar o colar de Berenice. Enzo conta a Tadeu que foi amea\u00e7ado por Odilon. Kelvin esconde Ramiro em seu quarto. Caio pergunta a Kelvin onde est\u00e1 o filho de Aline.<\/p>\n<p>Berenice esconde Ramiro em seu quarto. Irene alerta a Ant\u00f4nio que o sumi\u00e7o do filho de Aline pode se transformar em um esc\u00e2ndalo. Berenice flagra Kelvin mexendo em sua caixa de joias. Luigi pede ajuda a Anely para reaver o colar de Gladys. Aline avisa a Jonatas que decidiu negociar a \u00e1gua com Ant\u00f4nio, em troca de seu filho, ap\u00f3s conselho de Silv\u00e9rio. Berenice esconde sua caixa de joias. Marino aluga um quarto na pousada para ficar perto de Lucinda. Caio invade o local onde Jo\u00e3o est\u00e1 como ref\u00e9m.<\/p>\n<p>(*) edi\u00e7\u00e3o das novelas da Globo, &#8220;Terra e Paix\u00e3o&#8221;, sujeito a altera\u00e7\u00e3o de data e conte\u00fado.<\/p>\n<p>Sinopse &#8220;Terra e Paix\u00e3o&#8221;: Aline vive ao lado do marido Samuel e do filho Jo\u00e3o. Ap\u00f3s um atentado em sua casa, v\u00ea-se sozinha com o menino diante das terras deixadas pelo marido. Aline aprende a plantar com a ajuda de Jonatas, um amigo fiel. Al\u00e9m de contar com ele, tem ao seu lado sua m\u00e3e. Aline se aproxima dos irm\u00e3os Caio e Daniel, filhos do poderoso fazendeiro Ant\u00f4nio, com quem precisa brigar para manter suas terras. Ao lado dos dois rapazes, descobre sentimentos novos. Ant\u00f4nio La Selva \u00e9 casado com Irene com quem tem dois filhos, Daniel e Petra. Ele foi muito apaixonado por Agatha, com quem teve Caio, e culpa o rapaz pela morte da m\u00e3e no pr\u00e9-parto. <\/p>\n","protected":false},"excerpt":{"rendered":"<p>Resumo da novela &#8220;Terra e Paix\u00e3o&#8221; em 14\/06: no cap\u00edtulo 033(*) da novela, Lucinda se tranca no quarto para se proteger de Andrade. Daniel pede a Gra\u00e7a um ultrassom. Marino diz a Aline e Jonatas que n\u00e3o tem como acusar Ant\u00f4nio do sequestro de Jo\u00e3o sem evid\u00eancias. Ant\u00f4nio reage quando Daniel pergunta se o pai [&hellip;]<\/p>\n","protected":false},"author":4,"featured_media":231928,"comment_status":"closed","ping_status":"closed","sticky":false,"template":"","format":"standard","meta":{"tdm_status":"","tdm_grid_status":"","footnotes":""},"categories":[379,375,2025,343,2305],"tags":[441],"class_list":{"0":"post-233679","1":"post","2":"type-post","3":"status-publish","4":"format-standard","5":"has-post-thumbnail","7":"category-novelas","8":"category-rede-globo","9":"category-resumo","10":"category-televisao","11":"category-terra-e-paixao","12":"tag-resumo-do-dia"},"_links":{"self":[{"href":"https:\/\/migracao.redenoticia.com.br\/noticia\/wp-json\/wp\/v2\/posts\/233679","targetHints":{"allow":["GET"]}}],"collection":[{"href":"https:\/\/migracao.redenoticia.com.br\/noticia\/wp-json\/wp\/v2\/posts"}],"about":[{"href":"https:\/\/migracao.redenoticia.com.br\/noticia\/wp-json\/wp\/v2\/types\/post"}],"author":[{"embeddable":true,"href":"https:\/\/migracao.redenoticia.com.br\/noticia\/wp-json\/wp\/v2\/users\/4"}],"replies":[{"embeddable":true,"href":"https:\/\/migracao.redenoticia.com.br\/noticia\/wp-json\/wp\/v2\/comments?post=233679"}],"version-history":[{"count":0,"href":"https:\/\/migracao.redenoticia.com.br\/noticia\/wp-json\/wp\/v2\/posts\/233679\/revisions"}],"wp:featuredmedia":[{"embeddable":true,"href":"https:\/\/migracao.redenoticia.com.br\/noticia\/wp-json\/wp\/v2\/media\/231928"}],"wp:attachment":[{"href":"https:\/\/migracao.redenoticia.com.br\/noticia\/wp-json\/wp\/v2\/media?parent=233679"}],"wp:term":[{"taxonomy":"category","embeddable":true,"href":"https:\/\/migracao.redenoticia.com.br\/noticia\/wp-json\/wp\/v2\/categories?post=233679"},{"taxonomy":"post_tag","embeddable":true,"href":"https:\/\/migracao.redenoticia.com.br\/noticia\/wp-json\/wp\/v2\/tags?post=233679"}],"curies":[{"name":"wp","href":"https:\/\/api.w.org\/{rel}","templated":true}]}}