{"id":233681,"date":"2023-06-13T16:18:03","date_gmt":"2023-06-13T19:18:03","guid":{"rendered":"https:\/\/www.redenoticia.com.br\/noticia\/?p=233681"},"modified":"2023-06-13T16:18:43","modified_gmt":"2023-06-13T19:18:43","slug":"resumo-a-infancia-de-romeu-e-julieta-14-06helio-acusa-telma-de-traicao","status":"publish","type":"post","link":"https:\/\/migracao.redenoticia.com.br\/noticia\/2023\/resumo-a-infancia-de-romeu-e-julieta-14-06helio-acusa-telma-de-traicao\/233681","title":{"rendered":"Resumo \u201cA Inf\u00e2ncia de Romeu e Julieta\u201d 14\/06: H\u00e9lio acusa Telma de trai\u00e7\u00e3o"},"content":{"rendered":"<p> <img loading=\"lazy\" decoding=\"async\" src=\"https:\/\/migracao.redenoticia.com.br\/noticia\/imagens\/novela-romeu-e-julieta-sbt-elenco-resumo.jpg\" alt=\"\" width=\"1280\" height=\"720\" class=\"aligncenter size-full wp-image-232242\" srcset=\"https:\/\/migracao.redenoticia.com.br\/noticia\/imagens\/novela-romeu-e-julieta-sbt-elenco-resumo.jpg 1280w, https:\/\/migracao.redenoticia.com.br\/noticia\/imagens\/novela-romeu-e-julieta-sbt-elenco-resumo-250x140.jpg 250w, https:\/\/migracao.redenoticia.com.br\/noticia\/imagens\/novela-romeu-e-julieta-sbt-elenco-resumo-400x225.jpg 400w, https:\/\/migracao.redenoticia.com.br\/noticia\/imagens\/novela-romeu-e-julieta-sbt-elenco-resumo-768x432.jpg 768w, https:\/\/migracao.redenoticia.com.br\/noticia\/imagens\/novela-romeu-e-julieta-sbt-elenco-resumo-150x84.jpg 150w\" sizes=\"auto, (max-width: 1280px) 100vw, 1280px\" \/><\/p>\n<p><strong><em>Resumo da novela \u201cA Inf\u00e2ncia de Romeu e Julieta\u201d<\/em><\/strong> em 14\/06: no cap\u00edtulo 028(*) da novela, Romeu pede para Julieta fugir do escrit\u00f3rio de Leandro antes que a fam\u00edlia chegue. Leandro recebe a notifica\u00e7\u00e3o do alarme e, atrav\u00e9s das imagens da c\u00e2mera de seguran\u00e7a, repara que Romeu est\u00e1 no local. Telma diz para Clara que estava com d\u00edvida e precisou vender a casa. H\u00e9lio tamb\u00e9m aparece na resid\u00eancia de Telma e acusa a colega de trai\u00e7\u00e3o. Telma pergunta a H\u00e9lio se ele vai demiti-la. Pedalzera avista Ellen, Ian e Nath, que fogem com as bicicletas da gangue. Leandro, Vera e Bernardo encontram com Romeu no escrit\u00f3rio e questionam quem era a pessoa encapuzada que estava com ele. <\/p>\n<p>Romeu declara que era um amigo. Depois de ficar sozinho no escrit\u00f3rio, Leandro acha um el\u00e1stico de cabelo no ch\u00e3o. Dimitri enquadra Ian, Nath e Ellen. Eles fazem um acordo: as bikes pela pracinha que o trio brinca. Mais tarde, Patrick e T\u00e9o contam a Julieta que L\u00edvia vai se mudar para o Lado Torre e que a amiga ficou chateada pela aus\u00eancia de Juli no encontro marcado. Patrick e T\u00e9o perguntam onde Juli estava e questionam do moletom caro que ela est\u00e1 usando. Julieta alega que a blusa \u00e9 do pai. Daniel diz para Amanda, Vitor e Mariana que pensa em montar um pequeno estande e preparar pratos com ingredientes do Armaz\u00e9m para os clientes. Leandro conversa com Romeu a s\u00f3s e pergunta sobre o verdadeiro ocorrido no escrit\u00f3rio, mostrando que encontrou um el\u00e1stico de cabelo. <\/p>\n<p>Leandro pergunta o nome da amiga, e Romeu diz que \u00e9 Rosalina. Leandro fala para Vera e Bernardo que acha que Romeu est\u00e1 namorando e comenta sobre a Rosalina. Ap\u00f3s conseguir as bicicletas, Cr\u00e2nio diz a Trapa\u00e7a que ela pode voltar ao grupo, mas que ele continua como l\u00edder. Aos amigos, Romeu diz que estava no CEC e n\u00e3o no escrit\u00f3rio do av\u00f4. Rosalina chega na roda dos amigos e pergunta para Romeu o motivo de ele inventar que eles est\u00e3o namorando. Rosalina fala que na \u00faltima conversa Romeu deixou claro que era s\u00f3 amizade. No seu quarto, Julieta fica agarradinha com a blusa de Romeu. Mari entra no c\u00f4modo e assiste \u00e0 cena.<\/p>\n<p>(*) edi\u00e7\u00e3o das novelas do SBT, \u201cA Inf\u00e2ncia de Romeu e Julieta\u201d, sujeito a altera\u00e7\u00e3o de data e conte\u00fado.<\/p>\n<p>Sinopse \u201cA Inf\u00e2ncia de Romeu e Julieta\u201d: A Trama se passa no bairro chamado castanheiras, em que duas fam\u00edlias com propostas diferentes para esse bairro vivem em disc\u00f3rdia, sendo divididas entre os lados Torre (Campos) e Vila (Monteiro).[6] Entretanto, Romeu (Miguel \u00c2ngelo) e Julieta (Vitt\u00f3ria Seixas) se conhecem, da\u00ed em diante, as fam\u00edlias rivais t\u00eam uma nova oportunidade de trazer paz e uni\u00e3o entre o conv\u00edvio deles. <\/p>\n<p>Romeu e Julieta n\u00e3o sabem como v\u00e3o fazer para ficarem juntos. A not\u00edcia do romance chega \u00e0s fam\u00edlias, que n\u00e3o gostam nada da hist\u00f3ria e tratam de afasta-los imediatamente, aprontando v\u00e1rias situa\u00e7\u00f5es. Romeu e Julieta querem acabar com essa hostilidade e tentam ir atr\u00e1s de uma solu\u00e7\u00e3o, mas ao descobrirem mais sobre a hist\u00f3ria de seus pais, percebem que pode ser imposs\u00edvel.<\/p>\n","protected":false},"excerpt":{"rendered":"<p>Resumo da novela \u201cA Inf\u00e2ncia de Romeu e Julieta\u201d em 14\/06: no cap\u00edtulo 028(*) da novela, Romeu pede para Julieta fugir do escrit\u00f3rio de Leandro antes que a fam\u00edlia chegue. Leandro recebe a notifica\u00e7\u00e3o do alarme e, atrav\u00e9s das imagens da c\u00e2mera de seguran\u00e7a, repara que Romeu est\u00e1 no local. Telma diz para Clara que [&hellip;]<\/p>\n","protected":false},"author":5,"featured_media":232241,"comment_status":"closed","ping_status":"closed","sticky":false,"template":"","format":"standard","meta":{"tdm_status":"","tdm_grid_status":"","footnotes":""},"categories":[2306,379,2025,372,343],"tags":[441],"class_list":{"0":"post-233681","1":"post","2":"type-post","3":"status-publish","4":"format-standard","5":"has-post-thumbnail","7":"category-novela-romeu-e-julieta","8":"category-novelas","9":"category-resumo","10":"category-sbt","11":"category-televisao","12":"tag-resumo-do-dia"},"_links":{"self":[{"href":"https:\/\/migracao.redenoticia.com.br\/noticia\/wp-json\/wp\/v2\/posts\/233681","targetHints":{"allow":["GET"]}}],"collection":[{"href":"https:\/\/migracao.redenoticia.com.br\/noticia\/wp-json\/wp\/v2\/posts"}],"about":[{"href":"https:\/\/migracao.redenoticia.com.br\/noticia\/wp-json\/wp\/v2\/types\/post"}],"author":[{"embeddable":true,"href":"https:\/\/migracao.redenoticia.com.br\/noticia\/wp-json\/wp\/v2\/users\/5"}],"replies":[{"embeddable":true,"href":"https:\/\/migracao.redenoticia.com.br\/noticia\/wp-json\/wp\/v2\/comments?post=233681"}],"version-history":[{"count":0,"href":"https:\/\/migracao.redenoticia.com.br\/noticia\/wp-json\/wp\/v2\/posts\/233681\/revisions"}],"wp:featuredmedia":[{"embeddable":true,"href":"https:\/\/migracao.redenoticia.com.br\/noticia\/wp-json\/wp\/v2\/media\/232241"}],"wp:attachment":[{"href":"https:\/\/migracao.redenoticia.com.br\/noticia\/wp-json\/wp\/v2\/media?parent=233681"}],"wp:term":[{"taxonomy":"category","embeddable":true,"href":"https:\/\/migracao.redenoticia.com.br\/noticia\/wp-json\/wp\/v2\/categories?post=233681"},{"taxonomy":"post_tag","embeddable":true,"href":"https:\/\/migracao.redenoticia.com.br\/noticia\/wp-json\/wp\/v2\/tags?post=233681"}],"curies":[{"name":"wp","href":"https:\/\/api.w.org\/{rel}","templated":true}]}}