{"id":233756,"date":"2023-06-15T11:34:39","date_gmt":"2023-06-15T14:34:39","guid":{"rendered":"https:\/\/www.redenoticia.com.br\/noticia\/?p=233756"},"modified":"2023-06-15T11:34:39","modified_gmt":"2023-06-15T14:34:39","slug":"resumo-terra-e-paixao-16-06-caio-invade-o-local-onde-joao-esta-como-refem","status":"publish","type":"post","link":"https:\/\/migracao.redenoticia.com.br\/noticia\/2023\/resumo-terra-e-paixao-16-06-caio-invade-o-local-onde-joao-esta-como-refem\/233756","title":{"rendered":"Resumo &#8220;Terra e Paix\u00e3o&#8221; 16\/06: Caio invade o local onde Jo\u00e3o est\u00e1 como ref\u00e9m"},"content":{"rendered":"<p> <img loading=\"lazy\" decoding=\"async\" src=\"https:\/\/migracao.redenoticia.com.br\/noticia\/imagens\/novela-terra-e-paixao-resumo.jpg\" alt=\"\" width=\"1280\" height=\"720\" class=\"aligncenter size-full wp-image-231930\" srcset=\"https:\/\/migracao.redenoticia.com.br\/noticia\/imagens\/novela-terra-e-paixao-resumo.jpg 1280w, https:\/\/migracao.redenoticia.com.br\/noticia\/imagens\/novela-terra-e-paixao-resumo-250x140.jpg 250w, https:\/\/migracao.redenoticia.com.br\/noticia\/imagens\/novela-terra-e-paixao-resumo-400x225.jpg 400w, https:\/\/migracao.redenoticia.com.br\/noticia\/imagens\/novela-terra-e-paixao-resumo-768x432.jpg 768w, https:\/\/migracao.redenoticia.com.br\/noticia\/imagens\/novela-terra-e-paixao-resumo-150x84.jpg 150w\" sizes=\"auto, (max-width: 1280px) 100vw, 1280px\" \/> <\/p>\n<p><strong><em>Resumo da novela &#8220;Terra e Paix\u00e3o&#8221;<\/em><\/strong> em 16\/06: no cap\u00edtulo 035(*) da novela, Aline avisa a Jonatas que decidiu negociar a \u00e1gua com Ant\u00f4nio, em troca de seu filho, ap\u00f3s conselho de Silv\u00e9rio. Berenice esconde sua caixa de joias. Marino aluga um quarto na pousada para ficar perto de Lucinda. Caio invade o local onde Jo\u00e3o est\u00e1 como ref\u00e9m. <\/p>\n<p>Caio leva Jo\u00e3o para casa e pede a Aline para n\u00e3o denunciar seu pai \u00e0 pol\u00edcia. Anely distrai as pessoas do bar enquanto Luigi vai ao quarto de Berenice \u00e0 procura do colar. Berenice flagra Luigi em seu quarto. Kelvin sugere que Ramiro use a carta que est\u00e1 em seu poder para tirar dinheiro de Irene. Gra\u00e7a comunica a Irene que est\u00e1 gr\u00e1vida, fazendo a sogra acreditar que o filho \u00e9 de Daniel. Tadeu exige que Enzo pegue o laptop de Anely. Ramiro diz a Irene que est\u00e1 com a carta que pode obrigar Ant\u00f4nio a fazer o que ela quiser.<\/p>\n<p>Irene pede a Ramiro para ler a carta que Aline escreveu, acusando Ant\u00f4nio de ter matado seu marido. Aline convida Caio para um jantar de agradecimento. Nina avisa a Jonatas que Ant\u00f4nio procurou Lucas, pedindo para o irm\u00e3o quebrar as m\u00e1quinas de Aline. Irene negocia a carta com Ramiro e avisa ao capanga para manter segredo. Anely pega o celular de Enzo ao saber que o t\u00e9cnico gravou sua dan\u00e7a no bar. Luigi consegue capturar a senha de Enzo e apagar todas as fotos e v\u00eddeos. Gladys diz a Gra\u00e7a que ningu\u00e9m pode saber que a fam\u00edlia est\u00e1 ficando sem dinheiro. Ant\u00f4nio comunica a Luigi que o italiano se casar\u00e1 com Petra. Irene diz a Daniel que o filho dever\u00e1 esquecer Aline, em prol da sucess\u00e3o.<\/p>\n<p>(*) edi\u00e7\u00e3o das novelas da Globo, &#8220;Terra e Paix\u00e3o&#8221;, sujeito a altera\u00e7\u00e3o de data e conte\u00fado.<\/p>\n<p>Sinopse &#8220;Terra e Paix\u00e3o&#8221;: Aline vive ao lado do marido Samuel e do filho Jo\u00e3o. Ap\u00f3s um atentado em sua casa, v\u00ea-se sozinha com o menino diante das terras deixadas pelo marido. Aline aprende a plantar com a ajuda de Jonatas, um amigo fiel. Al\u00e9m de contar com ele, tem ao seu lado sua m\u00e3e. Aline se aproxima dos irm\u00e3os Caio e Daniel, filhos do poderoso fazendeiro Ant\u00f4nio, com quem precisa brigar para manter suas terras. Ao lado dos dois rapazes, descobre sentimentos novos. Ant\u00f4nio La Selva \u00e9 casado com Irene com quem tem dois filhos, Daniel e Petra. Ele foi muito apaixonado por Agatha, com quem teve Caio, e culpa o rapaz pela morte da m\u00e3e no pr\u00e9-parto. <\/p>\n","protected":false},"excerpt":{"rendered":"<p>Resumo da novela &#8220;Terra e Paix\u00e3o&#8221; em 16\/06: no cap\u00edtulo 035(*) da novela, Aline avisa a Jonatas que decidiu negociar a \u00e1gua com Ant\u00f4nio, em troca de seu filho, ap\u00f3s conselho de Silv\u00e9rio. Berenice esconde sua caixa de joias. Marino aluga um quarto na pousada para ficar perto de Lucinda. Caio invade o local onde [&hellip;]<\/p>\n","protected":false},"author":3,"featured_media":231928,"comment_status":"closed","ping_status":"closed","sticky":false,"template":"","format":"standard","meta":{"tdm_status":"","tdm_grid_status":"","footnotes":""},"categories":[379,375,2025,343,2305],"tags":[441],"class_list":{"0":"post-233756","1":"post","2":"type-post","3":"status-publish","4":"format-standard","5":"has-post-thumbnail","7":"category-novelas","8":"category-rede-globo","9":"category-resumo","10":"category-televisao","11":"category-terra-e-paixao","12":"tag-resumo-do-dia"},"_links":{"self":[{"href":"https:\/\/migracao.redenoticia.com.br\/noticia\/wp-json\/wp\/v2\/posts\/233756","targetHints":{"allow":["GET"]}}],"collection":[{"href":"https:\/\/migracao.redenoticia.com.br\/noticia\/wp-json\/wp\/v2\/posts"}],"about":[{"href":"https:\/\/migracao.redenoticia.com.br\/noticia\/wp-json\/wp\/v2\/types\/post"}],"author":[{"embeddable":true,"href":"https:\/\/migracao.redenoticia.com.br\/noticia\/wp-json\/wp\/v2\/users\/3"}],"replies":[{"embeddable":true,"href":"https:\/\/migracao.redenoticia.com.br\/noticia\/wp-json\/wp\/v2\/comments?post=233756"}],"version-history":[{"count":0,"href":"https:\/\/migracao.redenoticia.com.br\/noticia\/wp-json\/wp\/v2\/posts\/233756\/revisions"}],"wp:featuredmedia":[{"embeddable":true,"href":"https:\/\/migracao.redenoticia.com.br\/noticia\/wp-json\/wp\/v2\/media\/231928"}],"wp:attachment":[{"href":"https:\/\/migracao.redenoticia.com.br\/noticia\/wp-json\/wp\/v2\/media?parent=233756"}],"wp:term":[{"taxonomy":"category","embeddable":true,"href":"https:\/\/migracao.redenoticia.com.br\/noticia\/wp-json\/wp\/v2\/categories?post=233756"},{"taxonomy":"post_tag","embeddable":true,"href":"https:\/\/migracao.redenoticia.com.br\/noticia\/wp-json\/wp\/v2\/tags?post=233756"}],"curies":[{"name":"wp","href":"https:\/\/api.w.org\/{rel}","templated":true}]}}