{"id":233761,"date":"2023-06-15T11:22:45","date_gmt":"2023-06-15T14:22:45","guid":{"rendered":"https:\/\/www.redenoticia.com.br\/noticia\/?p=233761"},"modified":"2023-06-15T11:22:45","modified_gmt":"2023-06-15T14:22:45","slug":"resumo-a-infancia-de-romeu-e-julieta-16-06-karen-confronta-romeu","status":"publish","type":"post","link":"https:\/\/migracao.redenoticia.com.br\/noticia\/2023\/resumo-a-infancia-de-romeu-e-julieta-16-06-karen-confronta-romeu\/233761","title":{"rendered":"Resumo \u201cA Inf\u00e2ncia de Romeu e Julieta\u201d 16\/06: Karen confronta Romeu"},"content":{"rendered":"<p> <img loading=\"lazy\" decoding=\"async\" src=\"https:\/\/migracao.redenoticia.com.br\/noticia\/imagens\/novela-romeu-e-julieta-sbt-elenco-resumo.jpg\" alt=\"\" width=\"1280\" height=\"720\" class=\"aligncenter size-full wp-image-232242\" srcset=\"https:\/\/migracao.redenoticia.com.br\/noticia\/imagens\/novela-romeu-e-julieta-sbt-elenco-resumo.jpg 1280w, https:\/\/migracao.redenoticia.com.br\/noticia\/imagens\/novela-romeu-e-julieta-sbt-elenco-resumo-250x140.jpg 250w, https:\/\/migracao.redenoticia.com.br\/noticia\/imagens\/novela-romeu-e-julieta-sbt-elenco-resumo-400x225.jpg 400w, https:\/\/migracao.redenoticia.com.br\/noticia\/imagens\/novela-romeu-e-julieta-sbt-elenco-resumo-768x432.jpg 768w, https:\/\/migracao.redenoticia.com.br\/noticia\/imagens\/novela-romeu-e-julieta-sbt-elenco-resumo-150x84.jpg 150w\" sizes=\"auto, (max-width: 1280px) 100vw, 1280px\" \/><\/p>\n<p><strong><em>Resumo da novela \u201cA Inf\u00e2ncia de Romeu e Julieta\u201d<\/em><\/strong> em 16\/06: no cap\u00edtulo 030(*) da novela, Daniel come\u00e7a com o pequeno estande no Armaz\u00e9m Vila das Flores. Algumas clientes d\u00e3o em cima de Daniel, e Mari demonstra leve inc\u00f4modo. Vitor quer se intrometer no trabalho de Daniel para seduzir as clientes. Romeu diz para Rosalina que a mentira sobre o namoro deles \u00e9 s\u00f3 quest\u00e3o de tempo. Vera entra na conversa e afirma que aprova o casal, mas que eles s\u00e3o novos para namorar. Vera sai do di\u00e1logo e Romeu entende que passou dos limites. Amanda decide ir \u00e0 manifesta\u00e7\u00e3o da associa\u00e7\u00e3o dos moradores, e Enzo diz que n\u00e3o vai participar por trabalhar na Monter Holding. <\/p>\n<p>Karen fica de frente com Romeu e revela saber que ele n\u00e3o faz treino particular com H\u00e9lio. Ela insiste na verdade. Depois de muito tempo escondendo, Romeu assume para Karen que estava com Julieta. No Armaz\u00e9m, Julieta e amigos v\u00e3o prestigiar a inaugura\u00e7\u00e3o do empreendimento de Daniel. Na roda com Daniel, Patrick comenta sobre o moletom, o pai da Julieta diz que n\u00e3o emprestou nenhuma blusa para Julieta. Juli explica que pegou sem ele saber e tentar mudar de assunto. Romeu confessa a Karen que gosta da Julieta e que gostaria de ser amigo sem nenhum tipo de complica\u00e7\u00e3o. Karen pergunta como Romeu vai mascarar dos amigos e fam\u00edlia a amizade com Julieta. Em conversa com Daniel, Mari revela que viu Julieta agarrada com o moletom. Eles entendem que a filha guarda algum segredo. <\/p>\n<p>Mari e Daniel batem um papo em particular com Julieta e perguntam sobre o casaco. Julieta explica que mentiu aos pais porque a blusa \u00e9 de um menino do Lado Torre. Vera diz a Romeu que convidou os pais de Rosalina para um jantar. H\u00e9lio e a associa\u00e7\u00e3o dos moradores fazem manifesta\u00e7\u00e3o pelo Lado Vila enquanto Leandro passa na rua. Vitor visita a Monter Mercado, e Glaucia desconfia de algum plano. Vitor diz a Glaucia que n\u00e3o liga para briga entre os Campos e Monteiro, e que sempre admirou a forma dela e da fam\u00edlia com os neg\u00f3cios. Daniel e Mari ficam curiosos para saber de qual menino Juli est\u00e1 gostando. H\u00e9lio pergunta para Amanda onde Enzo est\u00e1 trabalhando. Romeu comenta com Rosalina que as coisas fugiram do controle dele e que ela e os pais da garota foram convidados para um jantar na casa dele. Rosalina diz que Romeu a colocou nessa situa\u00e7\u00e3o e pede a ele para acabar com tudo isso.<\/p>\n<p>(*) edi\u00e7\u00e3o das novelas do SBT, \u201cA Inf\u00e2ncia de Romeu e Julieta\u201d, sujeito a altera\u00e7\u00e3o de data e conte\u00fado.<\/p>\n<p>Sinopse \u201cA Inf\u00e2ncia de Romeu e Julieta\u201d: A Trama se passa no bairro chamado castanheiras, em que duas fam\u00edlias com propostas diferentes para esse bairro vivem em disc\u00f3rdia, sendo divididas entre os lados Torre (Campos) e Vila (Monteiro).[6] Entretanto, Romeu (Miguel \u00c2ngelo) e Julieta (Vitt\u00f3ria Seixas) se conhecem, da\u00ed em diante, as fam\u00edlias rivais t\u00eam uma nova oportunidade de trazer paz e uni\u00e3o entre o conv\u00edvio deles. <\/p>\n<p>Romeu e Julieta n\u00e3o sabem como v\u00e3o fazer para ficarem juntos. A not\u00edcia do romance chega \u00e0s fam\u00edlias, que n\u00e3o gostam nada da hist\u00f3ria e tratam de afasta-los imediatamente, aprontando v\u00e1rias situa\u00e7\u00f5es. Romeu e Julieta querem acabar com essa hostilidade e tentam ir atr\u00e1s de uma solu\u00e7\u00e3o, mas ao descobrirem mais sobre a hist\u00f3ria de seus pais, percebem que pode ser imposs\u00edvel.<\/p>\n","protected":false},"excerpt":{"rendered":"<p>Resumo da novela \u201cA Inf\u00e2ncia de Romeu e Julieta\u201d em 16\/06: no cap\u00edtulo 030(*) da novela, Daniel come\u00e7a com o pequeno estande no Armaz\u00e9m Vila das Flores. Algumas clientes d\u00e3o em cima de Daniel, e Mari demonstra leve inc\u00f4modo. Vitor quer se intrometer no trabalho de Daniel para seduzir as clientes. Romeu diz para Rosalina [&hellip;]<\/p>\n","protected":false},"author":5,"featured_media":232241,"comment_status":"closed","ping_status":"closed","sticky":false,"template":"","format":"standard","meta":{"tdm_status":"","tdm_grid_status":"","footnotes":""},"categories":[2306,379,2025,372,343],"tags":[441],"class_list":{"0":"post-233761","1":"post","2":"type-post","3":"status-publish","4":"format-standard","5":"has-post-thumbnail","7":"category-novela-romeu-e-julieta","8":"category-novelas","9":"category-resumo","10":"category-sbt","11":"category-televisao","12":"tag-resumo-do-dia"},"_links":{"self":[{"href":"https:\/\/migracao.redenoticia.com.br\/noticia\/wp-json\/wp\/v2\/posts\/233761","targetHints":{"allow":["GET"]}}],"collection":[{"href":"https:\/\/migracao.redenoticia.com.br\/noticia\/wp-json\/wp\/v2\/posts"}],"about":[{"href":"https:\/\/migracao.redenoticia.com.br\/noticia\/wp-json\/wp\/v2\/types\/post"}],"author":[{"embeddable":true,"href":"https:\/\/migracao.redenoticia.com.br\/noticia\/wp-json\/wp\/v2\/users\/5"}],"replies":[{"embeddable":true,"href":"https:\/\/migracao.redenoticia.com.br\/noticia\/wp-json\/wp\/v2\/comments?post=233761"}],"version-history":[{"count":0,"href":"https:\/\/migracao.redenoticia.com.br\/noticia\/wp-json\/wp\/v2\/posts\/233761\/revisions"}],"wp:featuredmedia":[{"embeddable":true,"href":"https:\/\/migracao.redenoticia.com.br\/noticia\/wp-json\/wp\/v2\/media\/232241"}],"wp:attachment":[{"href":"https:\/\/migracao.redenoticia.com.br\/noticia\/wp-json\/wp\/v2\/media?parent=233761"}],"wp:term":[{"taxonomy":"category","embeddable":true,"href":"https:\/\/migracao.redenoticia.com.br\/noticia\/wp-json\/wp\/v2\/categories?post=233761"},{"taxonomy":"post_tag","embeddable":true,"href":"https:\/\/migracao.redenoticia.com.br\/noticia\/wp-json\/wp\/v2\/tags?post=233761"}],"curies":[{"name":"wp","href":"https:\/\/api.w.org\/{rel}","templated":true}]}}