{"id":233792,"date":"2023-06-16T14:24:45","date_gmt":"2023-06-16T17:24:45","guid":{"rendered":"https:\/\/www.redenoticia.com.br\/noticia\/?p=233792"},"modified":"2023-06-16T14:24:45","modified_gmt":"2023-06-16T17:24:45","slug":"resumo-terra-e-paixao-17-06-aline-convida-caio-para-jantar","status":"publish","type":"post","link":"https:\/\/migracao.redenoticia.com.br\/noticia\/2023\/resumo-terra-e-paixao-17-06-aline-convida-caio-para-jantar\/233792","title":{"rendered":"Resumo &#8220;Terra e Paix\u00e3o&#8221; 17\/06: Aline convida Caio para jantar"},"content":{"rendered":"<p> <img loading=\"lazy\" decoding=\"async\" src=\"https:\/\/migracao.redenoticia.com.br\/noticia\/imagens\/novela-terra-e-paixao-resumo.jpg\" alt=\"\" width=\"1280\" height=\"720\" class=\"aligncenter size-full wp-image-231930\" srcset=\"https:\/\/migracao.redenoticia.com.br\/noticia\/imagens\/novela-terra-e-paixao-resumo.jpg 1280w, https:\/\/migracao.redenoticia.com.br\/noticia\/imagens\/novela-terra-e-paixao-resumo-250x140.jpg 250w, https:\/\/migracao.redenoticia.com.br\/noticia\/imagens\/novela-terra-e-paixao-resumo-400x225.jpg 400w, https:\/\/migracao.redenoticia.com.br\/noticia\/imagens\/novela-terra-e-paixao-resumo-768x432.jpg 768w, https:\/\/migracao.redenoticia.com.br\/noticia\/imagens\/novela-terra-e-paixao-resumo-150x84.jpg 150w\" sizes=\"auto, (max-width: 1280px) 100vw, 1280px\" \/> <\/p>\n<p><strong><em>Resumo da novela &#8220;Terra e Paix\u00e3o&#8221;<\/em><\/strong> em 17\/06: no cap\u00edtulo 036(*) da novela, Irene pede a Ramiro para ler a carta que Aline escreveu, acusando Ant\u00f4nio de ter matado seu marido. Aline convida Caio para um jantar de agradecimento. Nina avisa a Jonatas que Ant\u00f4nio procurou Lucas, pedindo para o irm\u00e3o quebrar as m\u00e1quinas de Aline. Irene negocia a carta com Ramiro e avisa ao capanga para manter segredo. <\/p>\n<p>Anely pega o celular de Enzo ao saber que o t\u00e9cnico gravou sua dan\u00e7a no bar. Luigi consegue capturar a senha de Enzo e apagar todas as fotos e v\u00eddeos. Gladys diz a Gra\u00e7a que ningu\u00e9m pode saber que a fam\u00edlia est\u00e1 ficando sem dinheiro. Ant\u00f4nio comunica a Luigi que o italiano se casar\u00e1 com Petra. Irene diz a Daniel que o filho dever\u00e1 esquecer Aline, em prol da sucess\u00e3o.<\/p>\n<p>Caio declara seu amor a Aline. Ajudados por Luana, Luigi e Anely convencem Zezinho a sabotar um bolo para Berenice dormir. Ant\u00f4nio obriga Luigi a assinar um pr\u00e9-contrato de casamento com Petra. Mara resolve voltar para casa e resgatar seu casamento. Yandara aceita o convite de Franco para sair. Berenice come o bolo e adormece. Luigi consegue resgatar o colar de Gladys. Kelvin avisa a Luigi que sabe que ele pegou o colar no quarto de Berenice. Ant\u00f4nio pergunta a Irene o que ela deseja em troca das provas contra ele.<\/p>\n<p>(*) edi\u00e7\u00e3o das novelas da Globo, &#8220;Terra e Paix\u00e3o&#8221;, sujeito a altera\u00e7\u00e3o de data e conte\u00fado.<\/p>\n<p>Sinopse &#8220;Terra e Paix\u00e3o&#8221;: Aline vive ao lado do marido Samuel e do filho Jo\u00e3o. Ap\u00f3s um atentado em sua casa, v\u00ea-se sozinha com o menino diante das terras deixadas pelo marido. Aline aprende a plantar com a ajuda de Jonatas, um amigo fiel. Al\u00e9m de contar com ele, tem ao seu lado sua m\u00e3e. Aline se aproxima dos irm\u00e3os Caio e Daniel, filhos do poderoso fazendeiro Ant\u00f4nio, com quem precisa brigar para manter suas terras. Ao lado dos dois rapazes, descobre sentimentos novos. Ant\u00f4nio La Selva \u00e9 casado com Irene com quem tem dois filhos, Daniel e Petra. Ele foi muito apaixonado por Agatha, com quem teve Caio, e culpa o rapaz pela morte da m\u00e3e no pr\u00e9-parto. <\/p>\n","protected":false},"excerpt":{"rendered":"<p>Resumo da novela &#8220;Terra e Paix\u00e3o&#8221; em 17\/06: no cap\u00edtulo 036(*) da novela, Irene pede a Ramiro para ler a carta que Aline escreveu, acusando Ant\u00f4nio de ter matado seu marido. Aline convida Caio para um jantar de agradecimento. Nina avisa a Jonatas que Ant\u00f4nio procurou Lucas, pedindo para o irm\u00e3o quebrar as m\u00e1quinas de [&hellip;]<\/p>\n","protected":false},"author":2,"featured_media":231928,"comment_status":"closed","ping_status":"closed","sticky":false,"template":"","format":"standard","meta":{"tdm_status":"","tdm_grid_status":"","footnotes":""},"categories":[379,375,2025,343,2305],"tags":[441],"class_list":{"0":"post-233792","1":"post","2":"type-post","3":"status-publish","4":"format-standard","5":"has-post-thumbnail","7":"category-novelas","8":"category-rede-globo","9":"category-resumo","10":"category-televisao","11":"category-terra-e-paixao","12":"tag-resumo-do-dia"},"_links":{"self":[{"href":"https:\/\/migracao.redenoticia.com.br\/noticia\/wp-json\/wp\/v2\/posts\/233792","targetHints":{"allow":["GET"]}}],"collection":[{"href":"https:\/\/migracao.redenoticia.com.br\/noticia\/wp-json\/wp\/v2\/posts"}],"about":[{"href":"https:\/\/migracao.redenoticia.com.br\/noticia\/wp-json\/wp\/v2\/types\/post"}],"author":[{"embeddable":true,"href":"https:\/\/migracao.redenoticia.com.br\/noticia\/wp-json\/wp\/v2\/users\/2"}],"replies":[{"embeddable":true,"href":"https:\/\/migracao.redenoticia.com.br\/noticia\/wp-json\/wp\/v2\/comments?post=233792"}],"version-history":[{"count":0,"href":"https:\/\/migracao.redenoticia.com.br\/noticia\/wp-json\/wp\/v2\/posts\/233792\/revisions"}],"wp:featuredmedia":[{"embeddable":true,"href":"https:\/\/migracao.redenoticia.com.br\/noticia\/wp-json\/wp\/v2\/media\/231928"}],"wp:attachment":[{"href":"https:\/\/migracao.redenoticia.com.br\/noticia\/wp-json\/wp\/v2\/media?parent=233792"}],"wp:term":[{"taxonomy":"category","embeddable":true,"href":"https:\/\/migracao.redenoticia.com.br\/noticia\/wp-json\/wp\/v2\/categories?post=233792"},{"taxonomy":"post_tag","embeddable":true,"href":"https:\/\/migracao.redenoticia.com.br\/noticia\/wp-json\/wp\/v2\/tags?post=233792"}],"curies":[{"name":"wp","href":"https:\/\/api.w.org\/{rel}","templated":true}]}}