{"id":233819,"date":"2023-06-17T15:44:26","date_gmt":"2023-06-17T18:44:26","guid":{"rendered":"https:\/\/www.redenoticia.com.br\/noticia\/?p=233819"},"modified":"2023-06-17T15:44:26","modified_gmt":"2023-06-17T18:44:26","slug":"resumo-a-infancia-de-romeu-e-julieta-19-06-romeu-finge-que-esta-doente","status":"publish","type":"post","link":"https:\/\/migracao.redenoticia.com.br\/noticia\/2023\/resumo-a-infancia-de-romeu-e-julieta-19-06-romeu-finge-que-esta-doente\/233819","title":{"rendered":"Resumo \u201cA Inf\u00e2ncia de Romeu e Julieta\u201d 19\/06: Romeu finge que est\u00e1 doente"},"content":{"rendered":"<p> <img loading=\"lazy\" decoding=\"async\" src=\"https:\/\/migracao.redenoticia.com.br\/noticia\/imagens\/novela-romeu-e-julieta-sbt-elenco-resumo.jpg\" alt=\"\" width=\"1280\" height=\"720\" class=\"aligncenter size-full wp-image-232242\" srcset=\"https:\/\/migracao.redenoticia.com.br\/noticia\/imagens\/novela-romeu-e-julieta-sbt-elenco-resumo.jpg 1280w, https:\/\/migracao.redenoticia.com.br\/noticia\/imagens\/novela-romeu-e-julieta-sbt-elenco-resumo-250x140.jpg 250w, https:\/\/migracao.redenoticia.com.br\/noticia\/imagens\/novela-romeu-e-julieta-sbt-elenco-resumo-400x225.jpg 400w, https:\/\/migracao.redenoticia.com.br\/noticia\/imagens\/novela-romeu-e-julieta-sbt-elenco-resumo-768x432.jpg 768w, https:\/\/migracao.redenoticia.com.br\/noticia\/imagens\/novela-romeu-e-julieta-sbt-elenco-resumo-150x84.jpg 150w\" sizes=\"auto, (max-width: 1280px) 100vw, 1280px\" \/><\/p>\n<p><strong><em>Resumo da novela \u201cA Inf\u00e2ncia de Romeu e Julieta\u201d<\/em><\/strong> em 19\/06: no cap\u00edtulo 031(*) da novela, na tentativa de cancelar o jantar com Rosalina e os pais da garota, Romeu finge que est\u00e1 doente. Vera e Bernardo percebem que o filho est\u00e1 mentindo. Vera afirma a Romeu que o jantar continua de p\u00e9. Nando pergunta para Alex como se torna popular. Alex explica que o primeiro passo \u00e9 a postura, depois aconselha Nando a mudar os papos e, principalmente, as roupas. Em conversa com Julieta, Mariana explica como foi gostar de um menino pela primeira vez e como conheceu o pai dela, Daniel. Julieta pergunta se Mari ainda ama Daniel. <\/p>\n<p>A s\u00f3s com Bernardo, Romeu pontua que \u00e9 apenas amigo de Rosalina. Bernardo sugere ele deixar claro essa informa\u00e7\u00e3o no jantar. Leandro desabafa com Enzo sobre a manifesta\u00e7\u00e3o de H\u00e9lio e pergunta detalhes da associa\u00e7\u00e3o dos moradores. Mesmo sendo do lado oposto do bairro, Leandro gosta de Enzo pela sinceridade e compet\u00eancia. Ap\u00f3s quase atropelar Ian, dona Branca [Lilian Blanc] visita a prima Clara e as duas conversam sobre a vida. Branca atualiza Clara com informa\u00e7\u00f5es de Ant\u00f4nio e Nanci. Em troca do sigilo sobre as confus\u00f5es de Dimitri, Nando pede ao irm\u00e3o arrumar a cama dele durante uma semana. <\/p>\n<p>Dimitri tamb\u00e9m orienta Nando com um novo estilo. Bass\u00e2nio pede ajuda de P\u00f3rcia para escrever o nome do com\u00e9rcio dele em uma placa. Os pais de Rosalina chegam para jantar na casa da fam\u00edlia de Romeu. Vera comenta com os pais de Rosalina que os filhos deles t\u00eam muito em comum. Romeu segue o conselho do pai em refor\u00e7ar que s\u00e3o s\u00f3 amigos. Rosalina rebate afirmando que s\u00e3o mais que amigos. Mariana e Julieta chegam em casa e conhecem a dona Branca que, de forma sincera, fala coisas sem pensar, como a pris\u00e3o e o div\u00f3rcio de Mariana. Telma e as filhas t\u00eam o \u00faltimo jantar na casa do Lado Vila; elas relembram algumas mem\u00f3rias com o pai e de momentos na resid\u00eancia.<\/p>\n<p>(*) edi\u00e7\u00e3o das novelas do SBT, \u201cA Inf\u00e2ncia de Romeu e Julieta\u201d, sujeito a altera\u00e7\u00e3o de data e conte\u00fado.<\/p>\n<p>Sinopse \u201cA Inf\u00e2ncia de Romeu e Julieta\u201d: A Trama se passa no bairro chamado castanheiras, em que duas fam\u00edlias com propostas diferentes para esse bairro vivem em disc\u00f3rdia, sendo divididas entre os lados Torre (Campos) e Vila (Monteiro).[6] Entretanto, Romeu (Miguel \u00c2ngelo) e Julieta (Vitt\u00f3ria Seixas) se conhecem, da\u00ed em diante, as fam\u00edlias rivais t\u00eam uma nova oportunidade de trazer paz e uni\u00e3o entre o conv\u00edvio deles. <\/p>\n<p>Romeu e Julieta n\u00e3o sabem como v\u00e3o fazer para ficarem juntos. A not\u00edcia do romance chega \u00e0s fam\u00edlias, que n\u00e3o gostam nada da hist\u00f3ria e tratam de afasta-los imediatamente, aprontando v\u00e1rias situa\u00e7\u00f5es. Romeu e Julieta querem acabar com essa hostilidade e tentam ir atr\u00e1s de uma solu\u00e7\u00e3o, mas ao descobrirem mais sobre a hist\u00f3ria de seus pais, percebem que pode ser imposs\u00edvel.<\/p>\n","protected":false},"excerpt":{"rendered":"<p>Resumo da novela \u201cA Inf\u00e2ncia de Romeu e Julieta\u201d em 19\/06: no cap\u00edtulo 031(*) da novela, na tentativa de cancelar o jantar com Rosalina e os pais da garota, Romeu finge que est\u00e1 doente. Vera e Bernardo percebem que o filho est\u00e1 mentindo. Vera afirma a Romeu que o jantar continua de p\u00e9. Nando pergunta [&hellip;]<\/p>\n","protected":false},"author":3,"featured_media":232241,"comment_status":"closed","ping_status":"closed","sticky":false,"template":"","format":"standard","meta":{"tdm_status":"","tdm_grid_status":"","footnotes":""},"categories":[2306,379,2025,372,343],"tags":[441],"class_list":{"0":"post-233819","1":"post","2":"type-post","3":"status-publish","4":"format-standard","5":"has-post-thumbnail","7":"category-novela-romeu-e-julieta","8":"category-novelas","9":"category-resumo","10":"category-sbt","11":"category-televisao","12":"tag-resumo-do-dia"},"_links":{"self":[{"href":"https:\/\/migracao.redenoticia.com.br\/noticia\/wp-json\/wp\/v2\/posts\/233819","targetHints":{"allow":["GET"]}}],"collection":[{"href":"https:\/\/migracao.redenoticia.com.br\/noticia\/wp-json\/wp\/v2\/posts"}],"about":[{"href":"https:\/\/migracao.redenoticia.com.br\/noticia\/wp-json\/wp\/v2\/types\/post"}],"author":[{"embeddable":true,"href":"https:\/\/migracao.redenoticia.com.br\/noticia\/wp-json\/wp\/v2\/users\/3"}],"replies":[{"embeddable":true,"href":"https:\/\/migracao.redenoticia.com.br\/noticia\/wp-json\/wp\/v2\/comments?post=233819"}],"version-history":[{"count":0,"href":"https:\/\/migracao.redenoticia.com.br\/noticia\/wp-json\/wp\/v2\/posts\/233819\/revisions"}],"wp:featuredmedia":[{"embeddable":true,"href":"https:\/\/migracao.redenoticia.com.br\/noticia\/wp-json\/wp\/v2\/media\/232241"}],"wp:attachment":[{"href":"https:\/\/migracao.redenoticia.com.br\/noticia\/wp-json\/wp\/v2\/media?parent=233819"}],"wp:term":[{"taxonomy":"category","embeddable":true,"href":"https:\/\/migracao.redenoticia.com.br\/noticia\/wp-json\/wp\/v2\/categories?post=233819"},{"taxonomy":"post_tag","embeddable":true,"href":"https:\/\/migracao.redenoticia.com.br\/noticia\/wp-json\/wp\/v2\/tags?post=233819"}],"curies":[{"name":"wp","href":"https:\/\/api.w.org\/{rel}","templated":true}]}}