{"id":233865,"date":"2023-06-19T14:22:54","date_gmt":"2023-06-19T17:22:54","guid":{"rendered":"https:\/\/www.redenoticia.com.br\/noticia\/?p=233865"},"modified":"2023-06-19T14:22:54","modified_gmt":"2023-06-19T17:22:54","slug":"resumo-a-infancia-de-romeu-e-julieta-20-06-romeu-manda-rosalina-parar-com-provocacoes","status":"publish","type":"post","link":"https:\/\/migracao.redenoticia.com.br\/noticia\/2023\/resumo-a-infancia-de-romeu-e-julieta-20-06-romeu-manda-rosalina-parar-com-provocacoes\/233865","title":{"rendered":"Resumo \u201cA Inf\u00e2ncia de Romeu e Julieta\u201d 20\/06: Romeu manda Rosalina parar com provoca\u00e7\u00f5es"},"content":{"rendered":"<p> <img loading=\"lazy\" decoding=\"async\" src=\"https:\/\/migracao.redenoticia.com.br\/noticia\/imagens\/novela-romeu-e-julieta-sbt-elenco-resumo.jpg\" alt=\"\" width=\"1280\" height=\"720\" class=\"aligncenter size-full wp-image-232242\" srcset=\"https:\/\/migracao.redenoticia.com.br\/noticia\/imagens\/novela-romeu-e-julieta-sbt-elenco-resumo.jpg 1280w, https:\/\/migracao.redenoticia.com.br\/noticia\/imagens\/novela-romeu-e-julieta-sbt-elenco-resumo-250x140.jpg 250w, https:\/\/migracao.redenoticia.com.br\/noticia\/imagens\/novela-romeu-e-julieta-sbt-elenco-resumo-400x225.jpg 400w, https:\/\/migracao.redenoticia.com.br\/noticia\/imagens\/novela-romeu-e-julieta-sbt-elenco-resumo-768x432.jpg 768w, https:\/\/migracao.redenoticia.com.br\/noticia\/imagens\/novela-romeu-e-julieta-sbt-elenco-resumo-150x84.jpg 150w\" sizes=\"auto, (max-width: 1280px) 100vw, 1280px\" \/><\/p>\n<p><strong><em>Resumo da novela \u201cA Inf\u00e2ncia de Romeu e Julieta\u201d<\/em><\/strong> em 20\/06: no cap\u00edtulo 032(*) da novela, Telma e as filhas t\u00eam o \u00faltimo jantar na casa do Lado Vila; elas relembram algumas mem\u00f3rias com o pai e de momentos na resid\u00eancia. Branca janta na casa da fam\u00edlia Campos e revela todas as novidades. H\u00e9lio explica a rivalidade com o Lado Torre. Branca diz que \u00e9 a favor da verticaliza\u00e7\u00e3o e que, inclusive, se mudou para um apartamento. Na resid\u00eancia dos Monteiro, Romeu chama Rosalina de canto e pede para ela parar com as provoca\u00e7\u00f5es. Rosalina posta uma foto com Romeu em suas redes sociais. <\/p>\n<p>Leandro pergunta para Fausto se ele tem falado com H\u00e9lio e se ouviu algum coment\u00e1rio da visita do empres\u00e1rio no Lado Vila. Enzo exp\u00f5e a Nath que vai conversar com Pedalzera. Na internet, Julieta visualiza a foto de Romeu com a Rosalina e fica chateada, interpretando que Romeu e a rival estejam namorando. Fausto comenta com P\u00f3rcia que Leandro \u00e9 uma pessoa muito ruim em sua vida e que Leandro o tirou do caminho do estrelato para transform\u00e1-lo em zelador. <\/p>\n<p>Fausto pontua que agora n\u00e3o vai mais se empenhar tanto no trabalho do condom\u00ednio. Ap\u00f3s Rosalina e os pais irem embora do jantar, Vera e Bernardo perguntam para Romeu, o motivo de ele esconder o namoro. Dimitri tenta arrancar o cartaz que denuncia a gangue Pedalzera do hall do edif\u00edcio. Fausto se faz indiferente, fala que Dimitri \u00e9 neto do dono e pode fazer o que quiser. Julieta e Romeu conversam sobre a foto que Rosalina publicou. <\/p>\n<p>Romeu afirma a Julieta que n\u00e3o namora Rosalina e que tentou explicar isso aos pais, mas que Rosalina quis se vingar dele. Ellen flagra Karen chorando vendo a foto do pai. Branca deixa um bilhete de despedida para Clara. Leandro elogia o trabalho de Enzo e diz ao funcion\u00e1rio que vai promov\u00ea-lo. Fred fala para Glaucia que a cantora que contratou para o comercial da Monter Mercado cancelou e agora precisa de uma substituta. Glaucia tem uma ideia.<\/p>\n<p>(*) edi\u00e7\u00e3o das novelas do SBT, \u201cA Inf\u00e2ncia de Romeu e Julieta\u201d, sujeito a altera\u00e7\u00e3o de data e conte\u00fado.<\/p>\n<p>Sinopse \u201cA Inf\u00e2ncia de Romeu e Julieta\u201d: A Trama se passa no bairro chamado castanheiras, em que duas fam\u00edlias com propostas diferentes para esse bairro vivem em disc\u00f3rdia, sendo divididas entre os lados Torre (Campos) e Vila (Monteiro).[6] Entretanto, Romeu (Miguel \u00c2ngelo) e Julieta (Vitt\u00f3ria Seixas) se conhecem, da\u00ed em diante, as fam\u00edlias rivais t\u00eam uma nova oportunidade de trazer paz e uni\u00e3o entre o conv\u00edvio deles. <\/p>\n<p>Romeu e Julieta n\u00e3o sabem como v\u00e3o fazer para ficarem juntos. A not\u00edcia do romance chega \u00e0s fam\u00edlias, que n\u00e3o gostam nada da hist\u00f3ria e tratam de afasta-los imediatamente, aprontando v\u00e1rias situa\u00e7\u00f5es. Romeu e Julieta querem acabar com essa hostilidade e tentam ir atr\u00e1s de uma solu\u00e7\u00e3o, mas ao descobrirem mais sobre a hist\u00f3ria de seus pais, percebem que pode ser imposs\u00edvel.<\/p>\n","protected":false},"excerpt":{"rendered":"<p>Resumo da novela \u201cA Inf\u00e2ncia de Romeu e Julieta\u201d em 20\/06: no cap\u00edtulo 032(*) da novela, Telma e as filhas t\u00eam o \u00faltimo jantar na casa do Lado Vila; elas relembram algumas mem\u00f3rias com o pai e de momentos na resid\u00eancia. Branca janta na casa da fam\u00edlia Campos e revela todas as novidades. H\u00e9lio explica [&hellip;]<\/p>\n","protected":false},"author":3,"featured_media":232241,"comment_status":"closed","ping_status":"closed","sticky":false,"template":"","format":"standard","meta":{"tdm_status":"","tdm_grid_status":"","footnotes":""},"categories":[2306,379,2025,372,343],"tags":[441],"class_list":{"0":"post-233865","1":"post","2":"type-post","3":"status-publish","4":"format-standard","5":"has-post-thumbnail","7":"category-novela-romeu-e-julieta","8":"category-novelas","9":"category-resumo","10":"category-sbt","11":"category-televisao","12":"tag-resumo-do-dia"},"_links":{"self":[{"href":"https:\/\/migracao.redenoticia.com.br\/noticia\/wp-json\/wp\/v2\/posts\/233865","targetHints":{"allow":["GET"]}}],"collection":[{"href":"https:\/\/migracao.redenoticia.com.br\/noticia\/wp-json\/wp\/v2\/posts"}],"about":[{"href":"https:\/\/migracao.redenoticia.com.br\/noticia\/wp-json\/wp\/v2\/types\/post"}],"author":[{"embeddable":true,"href":"https:\/\/migracao.redenoticia.com.br\/noticia\/wp-json\/wp\/v2\/users\/3"}],"replies":[{"embeddable":true,"href":"https:\/\/migracao.redenoticia.com.br\/noticia\/wp-json\/wp\/v2\/comments?post=233865"}],"version-history":[{"count":0,"href":"https:\/\/migracao.redenoticia.com.br\/noticia\/wp-json\/wp\/v2\/posts\/233865\/revisions"}],"wp:featuredmedia":[{"embeddable":true,"href":"https:\/\/migracao.redenoticia.com.br\/noticia\/wp-json\/wp\/v2\/media\/232241"}],"wp:attachment":[{"href":"https:\/\/migracao.redenoticia.com.br\/noticia\/wp-json\/wp\/v2\/media?parent=233865"}],"wp:term":[{"taxonomy":"category","embeddable":true,"href":"https:\/\/migracao.redenoticia.com.br\/noticia\/wp-json\/wp\/v2\/categories?post=233865"},{"taxonomy":"post_tag","embeddable":true,"href":"https:\/\/migracao.redenoticia.com.br\/noticia\/wp-json\/wp\/v2\/tags?post=233865"}],"curies":[{"name":"wp","href":"https:\/\/api.w.org\/{rel}","templated":true}]}}