{"id":233900,"date":"2023-06-20T12:11:58","date_gmt":"2023-06-20T15:11:58","guid":{"rendered":"https:\/\/www.redenoticia.com.br\/noticia\/?p=233900"},"modified":"2023-06-20T22:28:12","modified_gmt":"2023-06-21T01:28:12","slug":"resumo-terra-e-paixao-21-06-luigi-pede-a-kelvin-que-rapte-berenice","status":"publish","type":"post","link":"https:\/\/migracao.redenoticia.com.br\/noticia\/2023\/resumo-terra-e-paixao-21-06-luigi-pede-a-kelvin-que-rapte-berenice\/233900","title":{"rendered":"Resumo &#8220;Terra e Paix\u00e3o&#8221; 21\/06: Luigi pede a Kelvin que rapte Berenice"},"content":{"rendered":"<p> <img loading=\"lazy\" decoding=\"async\" src=\"https:\/\/migracao.redenoticia.com.br\/noticia\/imagens\/novela-terra-e-paixao-resumo.jpg\" alt=\"\" width=\"1280\" height=\"720\" class=\"aligncenter size-full wp-image-231930\" srcset=\"https:\/\/migracao.redenoticia.com.br\/noticia\/imagens\/novela-terra-e-paixao-resumo.jpg 1280w, https:\/\/migracao.redenoticia.com.br\/noticia\/imagens\/novela-terra-e-paixao-resumo-250x140.jpg 250w, https:\/\/migracao.redenoticia.com.br\/noticia\/imagens\/novela-terra-e-paixao-resumo-400x225.jpg 400w, https:\/\/migracao.redenoticia.com.br\/noticia\/imagens\/novela-terra-e-paixao-resumo-768x432.jpg 768w, https:\/\/migracao.redenoticia.com.br\/noticia\/imagens\/novela-terra-e-paixao-resumo-150x84.jpg 150w\" sizes=\"auto, (max-width: 1280px) 100vw, 1280px\" \/> <\/p>\n<p><strong><em>Resumo da novela &#8220;Terra e Paix\u00e3o&#8221;<\/em><\/strong> em 21\/06: no cap\u00edtulo 039(*) da novela, Marino comunica a Aline e Jonatas que o corpo achado no rio \u00e9 de Breno. Ant\u00f4nio diz a Daniel que est\u00e1 disposto a escolher o filho como seu sucessor, com a condi\u00e7\u00e3o de que ele esteja casado. Daniel comunica a Ant\u00f4nio que est\u00e1 apaixonado por outra mulher.<\/p>\n<p>Ant\u00f4nio n\u00e3o demonstra interesse em conhecer a mo\u00e7a por quem Daniel est\u00e1 apaixonado. Kelvin sugere a Berenice que acabe com o casamento de Luigi com Petra. Marino alerta Aline para a quantidade de crimes que tem ocorrido nas terras da professora. Kelvin e Ramiro planejam arrancar dinheiro de Luigi. Luigi pede a Kelvin que rapte Berenice. Irene pede a Aline que aconselhe Daniel a ter paci\u00eancia para assumir a rela\u00e7\u00e3o com a professora, at\u00e9 que o filho garanta a sucess\u00e3o dos neg\u00f3cios de Ant\u00f4nio. Luigi d\u00e1 a tiara falsa para Petra, dizendo que \u00e9 uma joia de fam\u00edlia. Ant\u00f4nio pergunta a Irene o que a mulher foi fazer na casa de Aline.  <\/p>\n<p>Ant\u00f4nio afirma a Irene que, caso Daniel esteja apaixonado por Aline, deserdar\u00e1 o filho. Tadeu demite Enzo. Tadeu avisa a Gladys que ter\u00e1 que vender o colar para pagar d\u00edvidas. Gra\u00e7a diz a Irene que comprar\u00e1 um exame de ultrassom para confirmar a gravidez. Jurec\u00ea diz a Yandara que ela viver\u00e1 um grande amor, mas alerta a neta sobre poss\u00edveis sofrimentos. Daniel se emociona ao ver o ultrassom. Ant\u00f4nio comunica a Daniel que o filho ser\u00e1 seu sucessor. Irene convence Daniel a aceitar o casamento com Gra\u00e7a. Caio chama Daniel de traidor ao saber que o irm\u00e3o foi indicado por Ant\u00f4nio para ser o sucessor.<\/p>\n<p>(*) edi\u00e7\u00e3o das novelas da Globo, &#8220;Terra e Paix\u00e3o&#8221;, sujeito a altera\u00e7\u00e3o de data e conte\u00fado.<\/p>\n<p>Sinopse &#8220;Terra e Paix\u00e3o&#8221;: Aline vive ao lado do marido Samuel e do filho Jo\u00e3o. Ap\u00f3s um atentado em sua casa, v\u00ea-se sozinha com o menino diante das terras deixadas pelo marido. Aline aprende a plantar com a ajuda de Jonatas, um amigo fiel. Al\u00e9m de contar com ele, tem ao seu lado sua m\u00e3e. Aline se aproxima dos irm\u00e3os Caio e Daniel, filhos do poderoso fazendeiro Ant\u00f4nio, com quem precisa brigar para manter suas terras. Ao lado dos dois rapazes, descobre sentimentos novos. Ant\u00f4nio La Selva \u00e9 casado com Irene com quem tem dois filhos, Daniel e Petra. Ele foi muito apaixonado por Agatha, com quem teve Caio, e culpa o rapaz pela morte da m\u00e3e no pr\u00e9-parto. <\/p>\n","protected":false},"excerpt":{"rendered":"<p>Resumo da novela &#8220;Terra e Paix\u00e3o&#8221; em 21\/06: no cap\u00edtulo 039(*) da novela, Marino comunica a Aline e Jonatas que o corpo achado no rio \u00e9 de Breno. Ant\u00f4nio diz a Daniel que est\u00e1 disposto a escolher o filho como seu sucessor, com a condi\u00e7\u00e3o de que ele esteja casado. Daniel comunica a Ant\u00f4nio que [&hellip;]<\/p>\n","protected":false},"author":3,"featured_media":231928,"comment_status":"closed","ping_status":"closed","sticky":false,"template":"","format":"standard","meta":{"tdm_status":"","tdm_grid_status":"","footnotes":""},"categories":[379,375,2025,343,2305],"tags":[441],"class_list":{"0":"post-233900","1":"post","2":"type-post","3":"status-publish","4":"format-standard","5":"has-post-thumbnail","7":"category-novelas","8":"category-rede-globo","9":"category-resumo","10":"category-televisao","11":"category-terra-e-paixao","12":"tag-resumo-do-dia"},"_links":{"self":[{"href":"https:\/\/migracao.redenoticia.com.br\/noticia\/wp-json\/wp\/v2\/posts\/233900","targetHints":{"allow":["GET"]}}],"collection":[{"href":"https:\/\/migracao.redenoticia.com.br\/noticia\/wp-json\/wp\/v2\/posts"}],"about":[{"href":"https:\/\/migracao.redenoticia.com.br\/noticia\/wp-json\/wp\/v2\/types\/post"}],"author":[{"embeddable":true,"href":"https:\/\/migracao.redenoticia.com.br\/noticia\/wp-json\/wp\/v2\/users\/3"}],"replies":[{"embeddable":true,"href":"https:\/\/migracao.redenoticia.com.br\/noticia\/wp-json\/wp\/v2\/comments?post=233900"}],"version-history":[{"count":0,"href":"https:\/\/migracao.redenoticia.com.br\/noticia\/wp-json\/wp\/v2\/posts\/233900\/revisions"}],"wp:featuredmedia":[{"embeddable":true,"href":"https:\/\/migracao.redenoticia.com.br\/noticia\/wp-json\/wp\/v2\/media\/231928"}],"wp:attachment":[{"href":"https:\/\/migracao.redenoticia.com.br\/noticia\/wp-json\/wp\/v2\/media?parent=233900"}],"wp:term":[{"taxonomy":"category","embeddable":true,"href":"https:\/\/migracao.redenoticia.com.br\/noticia\/wp-json\/wp\/v2\/categories?post=233900"},{"taxonomy":"post_tag","embeddable":true,"href":"https:\/\/migracao.redenoticia.com.br\/noticia\/wp-json\/wp\/v2\/tags?post=233900"}],"curies":[{"name":"wp","href":"https:\/\/api.w.org\/{rel}","templated":true}]}}