{"id":233904,"date":"2023-06-20T12:05:06","date_gmt":"2023-06-20T15:05:06","guid":{"rendered":"https:\/\/www.redenoticia.com.br\/noticia\/?p=233904"},"modified":"2023-06-20T12:05:06","modified_gmt":"2023-06-20T15:05:06","slug":"resumo-a-infancia-de-romeu-e-julieta-21-06-rosalina-afirma-que-namora-romeu","status":"publish","type":"post","link":"https:\/\/migracao.redenoticia.com.br\/noticia\/2023\/resumo-a-infancia-de-romeu-e-julieta-21-06-rosalina-afirma-que-namora-romeu\/233904","title":{"rendered":"Resumo \u201cA Inf\u00e2ncia de Romeu e Julieta\u201d 21\/06: Rosalina afirma que namora Romeu"},"content":{"rendered":"<p> <img loading=\"lazy\" decoding=\"async\" src=\"https:\/\/migracao.redenoticia.com.br\/noticia\/imagens\/novela-romeu-e-julieta-sbt-elenco-resumo.jpg\" alt=\"\" width=\"1280\" height=\"720\" class=\"aligncenter size-full wp-image-232242\" srcset=\"https:\/\/migracao.redenoticia.com.br\/noticia\/imagens\/novela-romeu-e-julieta-sbt-elenco-resumo.jpg 1280w, https:\/\/migracao.redenoticia.com.br\/noticia\/imagens\/novela-romeu-e-julieta-sbt-elenco-resumo-250x140.jpg 250w, https:\/\/migracao.redenoticia.com.br\/noticia\/imagens\/novela-romeu-e-julieta-sbt-elenco-resumo-400x225.jpg 400w, https:\/\/migracao.redenoticia.com.br\/noticia\/imagens\/novela-romeu-e-julieta-sbt-elenco-resumo-768x432.jpg 768w, https:\/\/migracao.redenoticia.com.br\/noticia\/imagens\/novela-romeu-e-julieta-sbt-elenco-resumo-150x84.jpg 150w\" sizes=\"auto, (max-width: 1280px) 100vw, 1280px\" \/><\/p>\n<p><strong><em>Resumo da novela \u201cA Inf\u00e2ncia de Romeu e Julieta\u201d<\/em><\/strong> em 21\/06: no cap\u00edtulo 033(*) da novela, H\u00e9lio pergunta a Vitor o motivo de ele n\u00e3o ir \u00e0 manifesta\u00e7\u00e3o dos moradores e questiona o filho se ele n\u00e3o se importa com Castanheiras. Julieta, Patrick e T\u00e9o ajudam L\u00edvia com a mudan\u00e7a. Romeu comenta com Karen sobre jantar com Rosalina e diz que Rosalina tem virtudes, atitudes e h\u00e1bitos que Vera gosta. Ian pega um t\u00eanis de Alex acreditando que o irm\u00e3o n\u00e3o usa e d\u00e1 de presente para Bass\u00e2nio. Na porta no Residencial Verona, T\u00e9o, Patrick e Julieta se recusam a entrar com as caixas de mudan\u00e7a, j\u00e1 que o Lado Vila n\u00e3o invade o Lado Torre, mas L\u00edvia decide que eles v\u00e3o quebrar as regras. Nando aparece com novo visual no grupo e todos falam que ele est\u00e1 igual ao irm\u00e3o.<\/p>\n<p>Na roda de amigos, Rosalina revela que est\u00e1 namorando Romeu. Romeu logo desmente. Rosalina explica que o namoro precisa ser de mentirinha para a fam\u00edlia acreditar, solicitando colabora\u00e7\u00e3o dos amigos para manter a hist\u00f3ria. Fausto encontra H\u00e9lio e diz que Leandro est\u00e1 com problemas com o filho dele, Bernardo. Enzo esbarra com a gangue Pedalzera e pede para os valent\u00f5es ficarem longe da filha e dos amiguinhos dela. Karen se depara com Vera e puxa saco dela, alegando que admira a fam\u00edlia Monteiro. Glaucia produz e interpreta no comercial da Monter Mercado. H\u00e9lio faz uma nova descoberta e revela a Clara que a casa de Telma foi a primeira constru\u00edda em Castanheiras. Havendo um valor hist\u00f3rico, eles podem exigir pela associa\u00e7\u00e3o do bairro que o im\u00f3vel seja preservado.<\/p>\n<p>Na pra\u00e7a central, Vitor encara o carrinho de pipoca de Bass\u00e2nio. P\u00f3rcia expressa a Bass\u00e2nio que Vitor \u00e9 chato, mas bonito. Bass\u00e2nio responde a P\u00f3rcia que o bonito deve ser o cora\u00e7\u00e3o. Eles se abra\u00e7am. Vitor observa Enzo entrando na Monter Holding. Telma se encanta com o apartamento novo. Romeu esquece seu moletom em um banco do condom\u00ednio. Patrick passa pelo local, olha, pega e cheira a blusa. Romeu aparece no exato momento. Alex fica incomodado ao perceber que T\u00e9o est\u00e1 na quadra do Residencial Verona. Julieta esbarra com Leandro no condom\u00ednio, ele nota que ela usa o mesmo el\u00e1stico de cabelo que encontrou em seu escrit\u00f3rio. Vera se junta a Leandro e Julieta e questiona o motivo de a menina estar no local. A s\u00f3s, Vera explica a Leandro que Julieta \u00e9 filha da Mariana. Leandro fica assustado.<\/p>\n<p>(*) edi\u00e7\u00e3o das novelas do SBT, \u201cA Inf\u00e2ncia de Romeu e Julieta\u201d, sujeito a altera\u00e7\u00e3o de data e conte\u00fado.<\/p>\n<p>Sinopse \u201cA Inf\u00e2ncia de Romeu e Julieta\u201d: A Trama se passa no bairro chamado castanheiras, em que duas fam\u00edlias com propostas diferentes para esse bairro vivem em disc\u00f3rdia, sendo divididas entre os lados Torre (Campos) e Vila (Monteiro).[6] Entretanto, Romeu (Miguel \u00c2ngelo) e Julieta (Vitt\u00f3ria Seixas) se conhecem, da\u00ed em diante, as fam\u00edlias rivais t\u00eam uma nova oportunidade de trazer paz e uni\u00e3o entre o conv\u00edvio deles. <\/p>\n<p>Romeu e Julieta n\u00e3o sabem como v\u00e3o fazer para ficarem juntos. A not\u00edcia do romance chega \u00e0s fam\u00edlias, que n\u00e3o gostam nada da hist\u00f3ria e tratam de afasta-los imediatamente, aprontando v\u00e1rias situa\u00e7\u00f5es. Romeu e Julieta querem acabar com essa hostilidade e tentam ir atr\u00e1s de uma solu\u00e7\u00e3o, mas ao descobrirem mais sobre a hist\u00f3ria de seus pais, percebem que pode ser imposs\u00edvel.<\/p>\n","protected":false},"excerpt":{"rendered":"<p>Resumo da novela \u201cA Inf\u00e2ncia de Romeu e Julieta\u201d em 21\/06: no cap\u00edtulo 033(*) da novela, H\u00e9lio pergunta a Vitor o motivo de ele n\u00e3o ir \u00e0 manifesta\u00e7\u00e3o dos moradores e questiona o filho se ele n\u00e3o se importa com Castanheiras. Julieta, Patrick e T\u00e9o ajudam L\u00edvia com a mudan\u00e7a. Romeu comenta com Karen sobre [&hellip;]<\/p>\n","protected":false},"author":3,"featured_media":232241,"comment_status":"closed","ping_status":"closed","sticky":false,"template":"","format":"standard","meta":{"tdm_status":"","tdm_grid_status":"","footnotes":""},"categories":[2306,379,2025,372,343],"tags":[441],"class_list":{"0":"post-233904","1":"post","2":"type-post","3":"status-publish","4":"format-standard","5":"has-post-thumbnail","7":"category-novela-romeu-e-julieta","8":"category-novelas","9":"category-resumo","10":"category-sbt","11":"category-televisao","12":"tag-resumo-do-dia"},"_links":{"self":[{"href":"https:\/\/migracao.redenoticia.com.br\/noticia\/wp-json\/wp\/v2\/posts\/233904","targetHints":{"allow":["GET"]}}],"collection":[{"href":"https:\/\/migracao.redenoticia.com.br\/noticia\/wp-json\/wp\/v2\/posts"}],"about":[{"href":"https:\/\/migracao.redenoticia.com.br\/noticia\/wp-json\/wp\/v2\/types\/post"}],"author":[{"embeddable":true,"href":"https:\/\/migracao.redenoticia.com.br\/noticia\/wp-json\/wp\/v2\/users\/3"}],"replies":[{"embeddable":true,"href":"https:\/\/migracao.redenoticia.com.br\/noticia\/wp-json\/wp\/v2\/comments?post=233904"}],"version-history":[{"count":0,"href":"https:\/\/migracao.redenoticia.com.br\/noticia\/wp-json\/wp\/v2\/posts\/233904\/revisions"}],"wp:featuredmedia":[{"embeddable":true,"href":"https:\/\/migracao.redenoticia.com.br\/noticia\/wp-json\/wp\/v2\/media\/232241"}],"wp:attachment":[{"href":"https:\/\/migracao.redenoticia.com.br\/noticia\/wp-json\/wp\/v2\/media?parent=233904"}],"wp:term":[{"taxonomy":"category","embeddable":true,"href":"https:\/\/migracao.redenoticia.com.br\/noticia\/wp-json\/wp\/v2\/categories?post=233904"},{"taxonomy":"post_tag","embeddable":true,"href":"https:\/\/migracao.redenoticia.com.br\/noticia\/wp-json\/wp\/v2\/tags?post=233904"}],"curies":[{"name":"wp","href":"https:\/\/api.w.org\/{rel}","templated":true}]}}