{"id":233949,"date":"2023-06-21T14:30:38","date_gmt":"2023-06-21T17:30:38","guid":{"rendered":"https:\/\/www.redenoticia.com.br\/noticia\/?p=233949"},"modified":"2023-06-21T14:30:38","modified_gmt":"2023-06-21T17:30:38","slug":"resumo-a-infancia-de-romeu-e-julieta-22-06-romeu-propoe-confronto-entre-vila-e-torre","status":"publish","type":"post","link":"https:\/\/migracao.redenoticia.com.br\/noticia\/2023\/resumo-a-infancia-de-romeu-e-julieta-22-06-romeu-propoe-confronto-entre-vila-e-torre\/233949","title":{"rendered":"Resumo \u201cA Inf\u00e2ncia de Romeu e Julieta\u201d 22\/06: Romeu prop\u00f5e confronto entre Vila e Torre"},"content":{"rendered":"<p> <img loading=\"lazy\" decoding=\"async\" src=\"https:\/\/migracao.redenoticia.com.br\/noticia\/imagens\/novela-romeu-e-julieta-sbt-elenco-resumo.jpg\" alt=\"\" width=\"1280\" height=\"720\" class=\"aligncenter size-full wp-image-232242\" srcset=\"https:\/\/migracao.redenoticia.com.br\/noticia\/imagens\/novela-romeu-e-julieta-sbt-elenco-resumo.jpg 1280w, https:\/\/migracao.redenoticia.com.br\/noticia\/imagens\/novela-romeu-e-julieta-sbt-elenco-resumo-250x140.jpg 250w, https:\/\/migracao.redenoticia.com.br\/noticia\/imagens\/novela-romeu-e-julieta-sbt-elenco-resumo-400x225.jpg 400w, https:\/\/migracao.redenoticia.com.br\/noticia\/imagens\/novela-romeu-e-julieta-sbt-elenco-resumo-768x432.jpg 768w, https:\/\/migracao.redenoticia.com.br\/noticia\/imagens\/novela-romeu-e-julieta-sbt-elenco-resumo-150x84.jpg 150w\" sizes=\"auto, (max-width: 1280px) 100vw, 1280px\" \/><\/p>\n<p><strong><em>Resumo da novela \u201cA Inf\u00e2ncia de Romeu e Julieta\u201d<\/em><\/strong> em 22\/06: no cap\u00edtulo 034(*) da novela, Romeu exige que Patrick devolva a blusa dele. Patrick pergunta qual perfume Romeu usa, porque o aroma lembra o cheiro de uma amiga. Romeu suspeita que Patrick reconheceu o cheiro de Julieta. Alex diz a T\u00e9o que n\u00e3o aceita a presen\u00e7a dele no Lado Torre. T\u00e9o responde que a namorada dele mora no local e que o advers\u00e1rio tem que se acostumar. Romeu prop\u00f5e um confronto esportivo entre Vila e Torre. T\u00e9o gosta da ideia, mas desafia para um duelo de basquete apenas ele e Romeu. <\/p>\n<p>Ellen, Nath e Ian encontram a cachorra vira-lata que anda causando pelo bairro. Leandro pergunta para Vera e Bernardo como vai o namorico de Romeu e Rosalina. Vera diz que vai bem, mas o que incomoda ela \u00e9 ter que encontrar Julieta pelo condom\u00ednio. No Armaz\u00e9m, em frente a Mariana, Vitor manda Amanda explicar para eles o motivo de esconder que Enzo trabalha na Monter Holding, concorrente deles. Um novo adesivo \u00e9 colado em cima do adesivo do Pedalzera, o Rollezera. A gangue tenta descobrir quem \u00e9 a trupe nova pela \u00e1rea. Amanda explica para Mari e Vitor que o marido precisava do emprego e por isso est\u00e1 na Monter. Caminhando pelo Residencial Verona, Leandro v\u00ea o mesmo el\u00e1stico de cabelo de Julieta, no cabelo da Ellen. Nath fica com ci\u00fame da aproxima\u00e7\u00e3o de Ian e Ellen. <\/p>\n<p>T\u00e9o vence Romeu no basquete. Na porta da Monter, H\u00e9lio fala para Bernardo que precisa da ajuda dele: ficar de olho em qualquer modifica\u00e7\u00e3o que vai ser feita no Lado Vila e pede para Bernardo convencer Leandro a n\u00e3o construir no Lado Vila. Leandro fala para Romeu que mais cedo encontrou a neta dos Campos e viu o mesmo el\u00e1stico de cabelo que achou em seu escrit\u00f3rio. Alex pergunta para Ian sobre o t\u00eanis dele. Romeu comenta com Karen que n\u00e3o v\u00ea problema do Lado Vila frequentar o condom\u00ednio, apenas de eles descobrirem que ele se chama Romeu Monteiro. Alex confronta Bass\u00e2nio e, de forma grosseira, ordena que ele devolva o t\u00eanis.<\/p>\n<p>(*) edi\u00e7\u00e3o das novelas do SBT, \u201cA Inf\u00e2ncia de Romeu e Julieta\u201d, sujeito a altera\u00e7\u00e3o de data e conte\u00fado.<\/p>\n<p>Sinopse \u201cA Inf\u00e2ncia de Romeu e Julieta\u201d: A Trama se passa no bairro chamado castanheiras, em que duas fam\u00edlias com propostas diferentes para esse bairro vivem em disc\u00f3rdia, sendo divididas entre os lados Torre (Campos) e Vila (Monteiro).[6] Entretanto, Romeu (Miguel \u00c2ngelo) e Julieta (Vitt\u00f3ria Seixas) se conhecem, da\u00ed em diante, as fam\u00edlias rivais t\u00eam uma nova oportunidade de trazer paz e uni\u00e3o entre o conv\u00edvio deles. <\/p>\n<p>Romeu e Julieta n\u00e3o sabem como v\u00e3o fazer para ficarem juntos. A not\u00edcia do romance chega \u00e0s fam\u00edlias, que n\u00e3o gostam nada da hist\u00f3ria e tratam de afasta-los imediatamente, aprontando v\u00e1rias situa\u00e7\u00f5es. Romeu e Julieta querem acabar com essa hostilidade e tentam ir atr\u00e1s de uma solu\u00e7\u00e3o, mas ao descobrirem mais sobre a hist\u00f3ria de seus pais, percebem que pode ser imposs\u00edvel.<\/p>\n","protected":false},"excerpt":{"rendered":"<p>Resumo da novela \u201cA Inf\u00e2ncia de Romeu e Julieta\u201d em 22\/06: no cap\u00edtulo 034(*) da novela, Romeu exige que Patrick devolva a blusa dele. Patrick pergunta qual perfume Romeu usa, porque o aroma lembra o cheiro de uma amiga. Romeu suspeita que Patrick reconheceu o cheiro de Julieta. Alex diz a T\u00e9o que n\u00e3o aceita [&hellip;]<\/p>\n","protected":false},"author":3,"featured_media":232241,"comment_status":"closed","ping_status":"closed","sticky":false,"template":"","format":"standard","meta":{"tdm_status":"","tdm_grid_status":"","footnotes":""},"categories":[2306,379,2025,372,343],"tags":[441],"class_list":{"0":"post-233949","1":"post","2":"type-post","3":"status-publish","4":"format-standard","5":"has-post-thumbnail","7":"category-novela-romeu-e-julieta","8":"category-novelas","9":"category-resumo","10":"category-sbt","11":"category-televisao","12":"tag-resumo-do-dia"},"_links":{"self":[{"href":"https:\/\/migracao.redenoticia.com.br\/noticia\/wp-json\/wp\/v2\/posts\/233949","targetHints":{"allow":["GET"]}}],"collection":[{"href":"https:\/\/migracao.redenoticia.com.br\/noticia\/wp-json\/wp\/v2\/posts"}],"about":[{"href":"https:\/\/migracao.redenoticia.com.br\/noticia\/wp-json\/wp\/v2\/types\/post"}],"author":[{"embeddable":true,"href":"https:\/\/migracao.redenoticia.com.br\/noticia\/wp-json\/wp\/v2\/users\/3"}],"replies":[{"embeddable":true,"href":"https:\/\/migracao.redenoticia.com.br\/noticia\/wp-json\/wp\/v2\/comments?post=233949"}],"version-history":[{"count":0,"href":"https:\/\/migracao.redenoticia.com.br\/noticia\/wp-json\/wp\/v2\/posts\/233949\/revisions"}],"wp:featuredmedia":[{"embeddable":true,"href":"https:\/\/migracao.redenoticia.com.br\/noticia\/wp-json\/wp\/v2\/media\/232241"}],"wp:attachment":[{"href":"https:\/\/migracao.redenoticia.com.br\/noticia\/wp-json\/wp\/v2\/media?parent=233949"}],"wp:term":[{"taxonomy":"category","embeddable":true,"href":"https:\/\/migracao.redenoticia.com.br\/noticia\/wp-json\/wp\/v2\/categories?post=233949"},{"taxonomy":"post_tag","embeddable":true,"href":"https:\/\/migracao.redenoticia.com.br\/noticia\/wp-json\/wp\/v2\/tags?post=233949"}],"curies":[{"name":"wp","href":"https:\/\/api.w.org\/{rel}","templated":true}]}}