{"id":234068,"date":"2023-06-25T17:16:23","date_gmt":"2023-06-25T20:16:23","guid":{"rendered":"https:\/\/www.redenoticia.com.br\/noticia\/?p=234068"},"modified":"2023-06-25T20:22:18","modified_gmt":"2023-06-25T23:22:18","slug":"resumo-um-refugio-para-o-amor-26-06-rodrigo-e-patricio-vao-fazer-escalada","status":"publish","type":"post","link":"https:\/\/migracao.redenoticia.com.br\/noticia\/2023\/resumo-um-refugio-para-o-amor-26-06-rodrigo-e-patricio-vao-fazer-escalada\/234068","title":{"rendered":"Resumo \u201cUm Ref\u00fagio para o Amor\u201d 26\/06: Rodrigo e Patr\u00edcio v\u00e3o fazer escalada"},"content":{"rendered":"<p> <img loading=\"lazy\" decoding=\"async\" src=\"https:\/\/migracao.redenoticia.com.br\/noticia\/imagens\/um-refugio-para-o-amor-novela-resumo-sbt.jpg.jpg\" alt=\"\" width=\"1280\" height=\"720\" class=\"aligncenter size-full wp-image-233922\" srcset=\"https:\/\/migracao.redenoticia.com.br\/noticia\/imagens\/um-refugio-para-o-amor-novela-resumo-sbt.jpg.jpg 1280w, https:\/\/migracao.redenoticia.com.br\/noticia\/imagens\/um-refugio-para-o-amor-novela-resumo-sbt.jpg-250x140.jpg 250w, https:\/\/migracao.redenoticia.com.br\/noticia\/imagens\/um-refugio-para-o-amor-novela-resumo-sbt.jpg-400x225.jpg 400w, https:\/\/migracao.redenoticia.com.br\/noticia\/imagens\/um-refugio-para-o-amor-novela-resumo-sbt.jpg-768x432.jpg 768w, https:\/\/migracao.redenoticia.com.br\/noticia\/imagens\/um-refugio-para-o-amor-novela-resumo-sbt.jpg-150x84.jpg 150w\" sizes=\"auto, (max-width: 1280px) 100vw, 1280px\" \/> <\/p>\n<p><strong><em>Resumo da novela \u201cUm Ref\u00fagio para o Amor\u201d<\/em><\/strong> em 26\/06: no cap\u00edtulo 001(*) da novela, Galdino, preocupado, diz a Don Aquiles o que a falta de chuva fez \u00e0s suas terras. Don Aquiles relembra-o da d\u00edvida que tem para com ele. Rodrigo e Patr\u00edcio s\u00e3o adeptos de desportos radicais e v\u00e3o at\u00e9 \u00e0 montanha para fazer escalada. Rosalena sente-se desconfort\u00e1vel com a ida dos filhos pois acha que \u00e9 muito perigoso, mas Gala tenta explicar-lhe que vai ficar tudo bem. <\/p>\n<p>Sabina passa por Luciana e diz-lhe que o destino lhe reserva muitas l\u00e1grimas. Rodrigo chama a aten\u00e7\u00e3o a Patr\u00edcia para que tenha respeito \u00e0 montanha, mas Patr\u00edcio quer continuar a escalar. Galdino diz a Paz que n\u00e3o sabe o que fazer porque h\u00e1 um ano que Don Aquiles lhe tem emprestado dinheiro. A mando de Don Aquiles pegam fogo aos terrenos de Galdino e ele sofre um enfarte. Roselena diz a Maximino que se acontecer alguma coisa aos meninos ele ser\u00e1 o \u00fanico respons\u00e1vel.<\/p>\n<p>(*) edi\u00e7\u00e3o das novelas do SBT, \u201cUm Ref\u00fagio para o Amor\u201d, sujeito a altera\u00e7\u00e3o de data e conte\u00fado.<\/p>\n<p>Sinopse \u201cUm Ref\u00fagio para o Amor\u201d: Uma hist\u00f3ria de amor entre uma jovem linda, humilde, simples e trabalhadora que gera admira\u00e7\u00e3o entre os homens e inveja entre as mulheres, e que \u00e9 obrigada a fugir de sua cidade, para a capital, encontrando o amor em um homem rico, bonito, de classe, arrogante, amante de esportes radicais e com fama de conquistador, mas que \u00e9 generoso e atencioso. Eles ter\u00e3o que passar por muitas dificuldades para ficarem juntos.<\/p>\n<p>Estrelado por Zuria Vega e Gabriel Soto com um elenco de primeira classe, incluindo Jessica Coch, Roberto Bland\u00f3n, Laura Flores, Jos\u00e9 Carlos Ruiz, entre outros. Um ref\u00fagio para o amor \u00e9 uma novela mexicana produzida por Ignacio Sada Madero, originalmente por Delia Fiallo e adaptada por Georgina Tinoco.<\/p>\n","protected":false},"excerpt":{"rendered":"<p>Resumo da novela \u201cUm Ref\u00fagio para o Amor\u201d em 26\/06: no cap\u00edtulo 001(*) da novela, Galdino, preocupado, diz a Don Aquiles o que a falta de chuva fez \u00e0s suas terras. Don Aquiles relembra-o da d\u00edvida que tem para com ele. Rodrigo e Patr\u00edcio s\u00e3o adeptos de desportos radicais e v\u00e3o at\u00e9 \u00e0 montanha para [&hellip;]<\/p>\n","protected":false},"author":2,"featured_media":233921,"comment_status":"closed","ping_status":"closed","sticky":false,"template":"","format":"standard","meta":{"tdm_status":"","tdm_grid_status":"","footnotes":""},"categories":[379,2025,372,343,2310],"tags":[441],"class_list":{"0":"post-234068","1":"post","2":"type-post","3":"status-publish","4":"format-standard","5":"has-post-thumbnail","7":"category-novelas","8":"category-resumo","9":"category-sbt","10":"category-televisao","11":"category-um-refugio-para-o-amor","12":"tag-resumo-do-dia"},"_links":{"self":[{"href":"https:\/\/migracao.redenoticia.com.br\/noticia\/wp-json\/wp\/v2\/posts\/234068","targetHints":{"allow":["GET"]}}],"collection":[{"href":"https:\/\/migracao.redenoticia.com.br\/noticia\/wp-json\/wp\/v2\/posts"}],"about":[{"href":"https:\/\/migracao.redenoticia.com.br\/noticia\/wp-json\/wp\/v2\/types\/post"}],"author":[{"embeddable":true,"href":"https:\/\/migracao.redenoticia.com.br\/noticia\/wp-json\/wp\/v2\/users\/2"}],"replies":[{"embeddable":true,"href":"https:\/\/migracao.redenoticia.com.br\/noticia\/wp-json\/wp\/v2\/comments?post=234068"}],"version-history":[{"count":0,"href":"https:\/\/migracao.redenoticia.com.br\/noticia\/wp-json\/wp\/v2\/posts\/234068\/revisions"}],"wp:featuredmedia":[{"embeddable":true,"href":"https:\/\/migracao.redenoticia.com.br\/noticia\/wp-json\/wp\/v2\/media\/233921"}],"wp:attachment":[{"href":"https:\/\/migracao.redenoticia.com.br\/noticia\/wp-json\/wp\/v2\/media?parent=234068"}],"wp:term":[{"taxonomy":"category","embeddable":true,"href":"https:\/\/migracao.redenoticia.com.br\/noticia\/wp-json\/wp\/v2\/categories?post=234068"},{"taxonomy":"post_tag","embeddable":true,"href":"https:\/\/migracao.redenoticia.com.br\/noticia\/wp-json\/wp\/v2\/tags?post=234068"}],"curies":[{"name":"wp","href":"https:\/\/api.w.org\/{rel}","templated":true}]}}