{"id":234072,"date":"2023-06-25T17:22:43","date_gmt":"2023-06-25T20:22:43","guid":{"rendered":"https:\/\/www.redenoticia.com.br\/noticia\/?p=234072"},"modified":"2023-06-25T20:22:35","modified_gmt":"2023-06-25T23:22:35","slug":"resumo-a-infancia-de-romeu-e-julieta-26-06-patrick-sugere-jogar-agua-em-romeu","status":"publish","type":"post","link":"https:\/\/migracao.redenoticia.com.br\/noticia\/2023\/resumo-a-infancia-de-romeu-e-julieta-26-06-patrick-sugere-jogar-agua-em-romeu\/234072","title":{"rendered":"Resumo \u201cA Inf\u00e2ncia de Romeu e Julieta\u201d 26\/06: Patrick sugere jogar \u00e1gua em Romeu"},"content":{"rendered":"<p> <img loading=\"lazy\" decoding=\"async\" src=\"https:\/\/migracao.redenoticia.com.br\/noticia\/imagens\/novela-romeu-e-julieta-sbt-elenco-resumo.jpg\" alt=\"\" width=\"1280\" height=\"720\" class=\"aligncenter size-full wp-image-232242\" srcset=\"https:\/\/migracao.redenoticia.com.br\/noticia\/imagens\/novela-romeu-e-julieta-sbt-elenco-resumo.jpg 1280w, https:\/\/migracao.redenoticia.com.br\/noticia\/imagens\/novela-romeu-e-julieta-sbt-elenco-resumo-250x140.jpg 250w, https:\/\/migracao.redenoticia.com.br\/noticia\/imagens\/novela-romeu-e-julieta-sbt-elenco-resumo-400x225.jpg 400w, https:\/\/migracao.redenoticia.com.br\/noticia\/imagens\/novela-romeu-e-julieta-sbt-elenco-resumo-768x432.jpg 768w, https:\/\/migracao.redenoticia.com.br\/noticia\/imagens\/novela-romeu-e-julieta-sbt-elenco-resumo-150x84.jpg 150w\" sizes=\"auto, (max-width: 1280px) 100vw, 1280px\" \/><\/p>\n<p><strong><em>Resumo da novela \u201cA Inf\u00e2ncia de Romeu e Julieta\u201d<\/em><\/strong> em 26\/06: no cap\u00edtulo 036(*) da novela, H\u00e9lio conversa com Romeu na frente do CEC. O garoto se depara com Leandro do outro lado da rua. Romeu consegue fugir a tempo de Leandro. As crian\u00e7as do Lado Torre visitam uma horta comunit\u00e1ria no Lado Vila, e Alex pensa em um plano para sacanear os rivais. Ap\u00f3s a confus\u00e3o sobre Enzo trabalhar na Monter, Mariana e Amanda se desculpam. Sobre o ex-marido, Mariana pergunta para Amanda se ela acha que Daniel ainda gosta dela. Amanda afirma que sim. Leandro diz a H\u00e9lio que ele foi covarde ao colocar a associa\u00e7\u00e3o de moradores na frente para impedi-lo. <\/p>\n<p>As crian\u00e7as do Lado Torre aprontam na horta do Lado Vila, fato que deixa Julieta, L\u00edvia, Patrick e T\u00e9o inconformados. Eles prometem reviravolta aos advers\u00e1rios. Bass\u00e2nio revela a P\u00f3rcia que est\u00e1 aprendendo libras por conta dela, e a jovem se emociona. A gangue Pedalzera acredita que os Rollezera sejam Ellen, Ian e Nath. T\u00e9o e Patrick comentam com Julieta sobre ela aparentar estar do Lado Torre e pedem que ela comprove que est\u00e1 do mesmo lado. Patrick e T\u00e9o sugerem jogar bexiga d\u2019\u00e1gua em Romeu\/R\u00f4mulo, Juli aceita. Daniel entende que Mariana s\u00f3 quer amizade com ele e respeita. Daniel diz a Mari que vai encontrar com Telma para ajudar com a mudan\u00e7a. Julieta joga uma bexiga d\u2019\u00e1gua em Romeu e mostra que est\u00e1 do Lado Vila. O elevador do Residencial Verona trava e deixa Telma e Glaucia presas. <\/p>\n<p>Fausto observa tudo atrav\u00e9s da c\u00e2mera de seguran\u00e7a e resolve n\u00e3o ajudar. Por ser da \u00e1rea da sa\u00fade, Telma acalma Glaucia. Mais tarde, Daniel comenta com Telma que deseja abrir um restaurante sozinho. Telma responde que agora tem dinheiro para investir e que ela poderia ser s\u00f3cia dele. Daniel aceita a sociedade com a amiga, e Telma vibra muito. Romeu e Julieta se falam por chamada de v\u00eddeo. Vera entra no quarto de Romeu e pergunta com quem ele est\u00e1 dialogando. Romeu diz que \u00e9 Rosalina, e Vera afirma que quer falar com a menina.<\/p>\n<p>(*) edi\u00e7\u00e3o das novelas do SBT, \u201cA Inf\u00e2ncia de Romeu e Julieta\u201d, sujeito a altera\u00e7\u00e3o de data e conte\u00fado.<\/p>\n<p>Sinopse \u201cA Inf\u00e2ncia de Romeu e Julieta\u201d: A Trama se passa no bairro chamado castanheiras, em que duas fam\u00edlias com propostas diferentes para esse bairro vivem em disc\u00f3rdia, sendo divididas entre os lados Torre (Campos) e Vila (Monteiro).[6] Entretanto, Romeu (Miguel \u00c2ngelo) e Julieta (Vitt\u00f3ria Seixas) se conhecem, da\u00ed em diante, as fam\u00edlias rivais t\u00eam uma nova oportunidade de trazer paz e uni\u00e3o entre o conv\u00edvio deles. <\/p>\n<p>Romeu e Julieta n\u00e3o sabem como v\u00e3o fazer para ficarem juntos. A not\u00edcia do romance chega \u00e0s fam\u00edlias, que n\u00e3o gostam nada da hist\u00f3ria e tratam de afasta-los imediatamente, aprontando v\u00e1rias situa\u00e7\u00f5es. Romeu e Julieta querem acabar com essa hostilidade e tentam ir atr\u00e1s de uma solu\u00e7\u00e3o, mas ao descobrirem mais sobre a hist\u00f3ria de seus pais, percebem que pode ser imposs\u00edvel.<\/p>\n","protected":false},"excerpt":{"rendered":"<p>Resumo da novela \u201cA Inf\u00e2ncia de Romeu e Julieta\u201d em 26\/06: no cap\u00edtulo 036(*) da novela, H\u00e9lio conversa com Romeu na frente do CEC. O garoto se depara com Leandro do outro lado da rua. Romeu consegue fugir a tempo de Leandro. As crian\u00e7as do Lado Torre visitam uma horta comunit\u00e1ria no Lado Vila, e [&hellip;]<\/p>\n","protected":false},"author":4,"featured_media":232241,"comment_status":"closed","ping_status":"closed","sticky":false,"template":"","format":"standard","meta":{"tdm_status":"","tdm_grid_status":"","footnotes":""},"categories":[2306,379,2025,372,343],"tags":[441],"class_list":{"0":"post-234072","1":"post","2":"type-post","3":"status-publish","4":"format-standard","5":"has-post-thumbnail","7":"category-novela-romeu-e-julieta","8":"category-novelas","9":"category-resumo","10":"category-sbt","11":"category-televisao","12":"tag-resumo-do-dia"},"_links":{"self":[{"href":"https:\/\/migracao.redenoticia.com.br\/noticia\/wp-json\/wp\/v2\/posts\/234072","targetHints":{"allow":["GET"]}}],"collection":[{"href":"https:\/\/migracao.redenoticia.com.br\/noticia\/wp-json\/wp\/v2\/posts"}],"about":[{"href":"https:\/\/migracao.redenoticia.com.br\/noticia\/wp-json\/wp\/v2\/types\/post"}],"author":[{"embeddable":true,"href":"https:\/\/migracao.redenoticia.com.br\/noticia\/wp-json\/wp\/v2\/users\/4"}],"replies":[{"embeddable":true,"href":"https:\/\/migracao.redenoticia.com.br\/noticia\/wp-json\/wp\/v2\/comments?post=234072"}],"version-history":[{"count":0,"href":"https:\/\/migracao.redenoticia.com.br\/noticia\/wp-json\/wp\/v2\/posts\/234072\/revisions"}],"wp:featuredmedia":[{"embeddable":true,"href":"https:\/\/migracao.redenoticia.com.br\/noticia\/wp-json\/wp\/v2\/media\/232241"}],"wp:attachment":[{"href":"https:\/\/migracao.redenoticia.com.br\/noticia\/wp-json\/wp\/v2\/media?parent=234072"}],"wp:term":[{"taxonomy":"category","embeddable":true,"href":"https:\/\/migracao.redenoticia.com.br\/noticia\/wp-json\/wp\/v2\/categories?post=234072"},{"taxonomy":"post_tag","embeddable":true,"href":"https:\/\/migracao.redenoticia.com.br\/noticia\/wp-json\/wp\/v2\/tags?post=234072"}],"curies":[{"name":"wp","href":"https:\/\/api.w.org\/{rel}","templated":true}]}}