{"id":234127,"date":"2023-06-26T10:34:33","date_gmt":"2023-06-26T13:34:33","guid":{"rendered":"https:\/\/www.redenoticia.com.br\/noticia\/?p=234127"},"modified":"2023-06-26T10:35:29","modified_gmt":"2023-06-26T13:35:29","slug":"resumo-a-infancia-de-romeu-e-julieta-27-06-clara-revela-que-fundou-o-pedalzera","status":"publish","type":"post","link":"https:\/\/migracao.redenoticia.com.br\/noticia\/2023\/resumo-a-infancia-de-romeu-e-julieta-27-06-clara-revela-que-fundou-o-pedalzera\/234127","title":{"rendered":"Resumo \u201cA Inf\u00e2ncia de Romeu e Julieta\u201d 27\/06: Clara revela que fundou o Pedalzera"},"content":{"rendered":"<p> <img loading=\"lazy\" decoding=\"async\" src=\"https:\/\/migracao.redenoticia.com.br\/noticia\/imagens\/novela-romeu-e-julieta-sbt-elenco-resumo.jpg\" alt=\"\" width=\"1280\" height=\"720\" class=\"aligncenter size-full wp-image-232242\" srcset=\"https:\/\/migracao.redenoticia.com.br\/noticia\/imagens\/novela-romeu-e-julieta-sbt-elenco-resumo.jpg 1280w, https:\/\/migracao.redenoticia.com.br\/noticia\/imagens\/novela-romeu-e-julieta-sbt-elenco-resumo-250x140.jpg 250w, https:\/\/migracao.redenoticia.com.br\/noticia\/imagens\/novela-romeu-e-julieta-sbt-elenco-resumo-400x225.jpg 400w, https:\/\/migracao.redenoticia.com.br\/noticia\/imagens\/novela-romeu-e-julieta-sbt-elenco-resumo-768x432.jpg 768w, https:\/\/migracao.redenoticia.com.br\/noticia\/imagens\/novela-romeu-e-julieta-sbt-elenco-resumo-150x84.jpg 150w\" sizes=\"auto, (max-width: 1280px) 100vw, 1280px\" \/><\/p>\n<p><strong><em>Resumo da novela \u201cA Inf\u00e2ncia de Romeu e Julieta\u201d<\/em><\/strong> em 27\/06: no cap\u00edtulo 037(*) da novela, Romeu consegue dispensar Vera do seu quarto. Ainda por telefone, Julieta ajuda Romeu a bolar um plano tranquilo contra ela para que os amigos acreditem na rivalidade entre eles. Em bate-papo com Leandro, Enzo relata que por lei o im\u00f3vel de Telma n\u00e3o pode ser demolido. Leandro exige que ele encontre alguma brecha na lei. Romeu aceita jogar tinta em Julieta. H\u00e9lio pergunta para Telma como foi a mudan\u00e7a e diz que nunca faria o mesmo que ela. <\/p>\n<p>Clara revela a Ellen, Ian e Nath que ela foi uma das fundadoras do grupo Pedalzera, que, na \u00e9poca, ela e os amigos adoravam andar de bicicletas e que, ao contr\u00e1rio dos membros atuais, ela ajudava as pessoas. Amanda e Mari aceitam a proposta de Vitor para melhorias no card\u00e1pio de caf\u00e9 do Armaz\u00e9m. Ap\u00f3s desconfian\u00e7a de Karen, Romeu conta \u00e0 amiga que Julieta est\u00e1 ciente da vingan\u00e7a da tinta. Karen declara que Romeu est\u00e1 fazendo os amigos de bobos. <\/p>\n<p>Romeu fala para Karen que precisa mentir e que o restante dos amigos n\u00e3o pode saber. Romeu resolve ir ao banheiro e deixa a mochila com a lata de tinta dentro na supervis\u00e3o de Karen. Rapidamente, sem que Romeu veja, Karen adiciona cola na tinta. Espionando os rivais do Lado Torre, L\u00edvia conta aos amigos que os advers\u00e1rios planejam mais um ataque. Em reuni\u00e3o na Monter Holding, Leandro alega que vai demolir im\u00f3vel de Telma antes da articula\u00e7\u00e3o da associa\u00e7\u00e3o dos moradores.<\/p>\n<p>(*) edi\u00e7\u00e3o das novelas do SBT, \u201cA Inf\u00e2ncia de Romeu e Julieta\u201d, sujeito a altera\u00e7\u00e3o de data e conte\u00fado.<\/p>\n<p>Sinopse \u201cA Inf\u00e2ncia de Romeu e Julieta\u201d: A Trama se passa no bairro chamado castanheiras, em que duas fam\u00edlias com propostas diferentes para esse bairro vivem em disc\u00f3rdia, sendo divididas entre os lados Torre (Campos) e Vila (Monteiro).[6] Entretanto, Romeu (Miguel \u00c2ngelo) e Julieta (Vitt\u00f3ria Seixas) se conhecem, da\u00ed em diante, as fam\u00edlias rivais t\u00eam uma nova oportunidade de trazer paz e uni\u00e3o entre o conv\u00edvio deles. <\/p>\n<p>Romeu e Julieta n\u00e3o sabem como v\u00e3o fazer para ficarem juntos. A not\u00edcia do romance chega \u00e0s fam\u00edlias, que n\u00e3o gostam nada da hist\u00f3ria e tratam de afasta-los imediatamente, aprontando v\u00e1rias situa\u00e7\u00f5es. Romeu e Julieta querem acabar com essa hostilidade e tentam ir atr\u00e1s de uma solu\u00e7\u00e3o, mas ao descobrirem mais sobre a hist\u00f3ria de seus pais, percebem que pode ser imposs\u00edvel.<\/p>\n","protected":false},"excerpt":{"rendered":"<p>Resumo da novela \u201cA Inf\u00e2ncia de Romeu e Julieta\u201d em 27\/06: no cap\u00edtulo 037(*) da novela, Romeu consegue dispensar Vera do seu quarto. Ainda por telefone, Julieta ajuda Romeu a bolar um plano tranquilo contra ela para que os amigos acreditem na rivalidade entre eles. Em bate-papo com Leandro, Enzo relata que por lei o [&hellip;]<\/p>\n","protected":false},"author":3,"featured_media":232241,"comment_status":"closed","ping_status":"closed","sticky":false,"template":"","format":"standard","meta":{"tdm_status":"","tdm_grid_status":"","footnotes":""},"categories":[2306,379,2025,372,343],"tags":[441],"class_list":{"0":"post-234127","1":"post","2":"type-post","3":"status-publish","4":"format-standard","5":"has-post-thumbnail","7":"category-novela-romeu-e-julieta","8":"category-novelas","9":"category-resumo","10":"category-sbt","11":"category-televisao","12":"tag-resumo-do-dia"},"_links":{"self":[{"href":"https:\/\/migracao.redenoticia.com.br\/noticia\/wp-json\/wp\/v2\/posts\/234127","targetHints":{"allow":["GET"]}}],"collection":[{"href":"https:\/\/migracao.redenoticia.com.br\/noticia\/wp-json\/wp\/v2\/posts"}],"about":[{"href":"https:\/\/migracao.redenoticia.com.br\/noticia\/wp-json\/wp\/v2\/types\/post"}],"author":[{"embeddable":true,"href":"https:\/\/migracao.redenoticia.com.br\/noticia\/wp-json\/wp\/v2\/users\/3"}],"replies":[{"embeddable":true,"href":"https:\/\/migracao.redenoticia.com.br\/noticia\/wp-json\/wp\/v2\/comments?post=234127"}],"version-history":[{"count":0,"href":"https:\/\/migracao.redenoticia.com.br\/noticia\/wp-json\/wp\/v2\/posts\/234127\/revisions"}],"wp:featuredmedia":[{"embeddable":true,"href":"https:\/\/migracao.redenoticia.com.br\/noticia\/wp-json\/wp\/v2\/media\/232241"}],"wp:attachment":[{"href":"https:\/\/migracao.redenoticia.com.br\/noticia\/wp-json\/wp\/v2\/media?parent=234127"}],"wp:term":[{"taxonomy":"category","embeddable":true,"href":"https:\/\/migracao.redenoticia.com.br\/noticia\/wp-json\/wp\/v2\/categories?post=234127"},{"taxonomy":"post_tag","embeddable":true,"href":"https:\/\/migracao.redenoticia.com.br\/noticia\/wp-json\/wp\/v2\/tags?post=234127"}],"curies":[{"name":"wp","href":"https:\/\/api.w.org\/{rel}","templated":true}]}}