{"id":234187,"date":"2023-06-27T10:39:33","date_gmt":"2023-06-27T13:39:33","guid":{"rendered":"https:\/\/www.redenoticia.com.br\/noticia\/?p=234187"},"modified":"2023-06-27T10:39:33","modified_gmt":"2023-06-27T13:39:33","slug":"resumo-a-infancia-de-romeu-e-julieta-28-06-trapaca-sabota-bicicleta-de-cranio","status":"publish","type":"post","link":"https:\/\/migracao.redenoticia.com.br\/noticia\/2023\/resumo-a-infancia-de-romeu-e-julieta-28-06-trapaca-sabota-bicicleta-de-cranio\/234187","title":{"rendered":"Resumo \u201cA Inf\u00e2ncia de Romeu e Julieta\u201d 28\/06: Trapa\u00e7a sabota bicicleta de Cr\u00e2nio"},"content":{"rendered":"<p> <img loading=\"lazy\" decoding=\"async\" src=\"https:\/\/migracao.redenoticia.com.br\/noticia\/imagens\/novela-romeu-e-julieta-sbt-elenco-resumo.jpg\" alt=\"\" width=\"1280\" height=\"720\" class=\"aligncenter size-full wp-image-232242\" srcset=\"https:\/\/migracao.redenoticia.com.br\/noticia\/imagens\/novela-romeu-e-julieta-sbt-elenco-resumo.jpg 1280w, https:\/\/migracao.redenoticia.com.br\/noticia\/imagens\/novela-romeu-e-julieta-sbt-elenco-resumo-250x140.jpg 250w, https:\/\/migracao.redenoticia.com.br\/noticia\/imagens\/novela-romeu-e-julieta-sbt-elenco-resumo-400x225.jpg 400w, https:\/\/migracao.redenoticia.com.br\/noticia\/imagens\/novela-romeu-e-julieta-sbt-elenco-resumo-768x432.jpg 768w, https:\/\/migracao.redenoticia.com.br\/noticia\/imagens\/novela-romeu-e-julieta-sbt-elenco-resumo-150x84.jpg 150w\" sizes=\"auto, (max-width: 1280px) 100vw, 1280px\" \/><\/p>\n<p><strong><em>Resumo da novela \u201cA Inf\u00e2ncia de Romeu e Julieta\u201d<\/em><\/strong> em 28\/06: no cap\u00edtulo 038(*) da novela, Leandro alega que vai demolir im\u00f3vel de Telma, e Bernardo n\u00e3o gosta da ideia. Enzo diz que pode ter multa, mas Leandro afirma que pode pagar. Bernardo enfrenta o pai e ressalta que nem tudo gira em torno do dinheiro dele. Bernardo se demite da Monter Holding. Bass\u00e2nio comenta com P\u00f3rcia que gostaria de aprender a ler e a escrever. Ellen, Ian e Nath recebem uma carta do Pedalzera para um desafio. As crian\u00e7as do Lado Torre cercam o Lado Vila. Romeu se prepara para jogar a tinta em Julieta, mas Patrick entra na frente e se suja toda. <\/p>\n<p>Fausto observa Bass\u00e2nio conversando com P\u00f3rcia, incomodado, ele aborda os dois. Em conversa particular com Bass\u00e2nio, Fausto obriga o rapaz a ficar longe de P\u00f3rcia. Ellen, Ian e Nath se encontram com a gangue Pedalzera e falam sobre o passado do grupo e da cria\u00e7\u00e3o feita por Clara. Muke, Chilique e F\u00ea Dengosa questionam Trapa\u00e7a, que alega ser a fundadora. Pedalzera desafia o trio rival em uma corrida de bike contra patins. Trapa\u00e7a sabota a bicicleta de Cr\u00e2nio. Romeu nega aos amigos que a ideia da cola na tinta seja dele. Karen n\u00e3o admite que foi ela. Enzo revela a Amanda que foi promovido e que Leandro decidiu demolir a casa que pertencia a Telma. Amanda obriga Enzo sair da Monter Holding. Mariana comenta com Daniel que uma sociedade com ele jamais daria certo. Daniel discorda, mas respeita. Durante a corrida, a corrente da bicicleta do Cr\u00e2nio se solta, e Nath ganha a disputa. Karen distrai Fausto e entra na portaria. Ela tenta buscar, atrav\u00e9s do circuito das c\u00e2meras de seguran\u00e7a, se deixou rastros da sua sabotagem. <\/p>\n<p>No CEC, Bernardo fala para H\u00e9lio agir antes de Leandro. H\u00e9lio questiona o motivo da ajuda de Bernardo, que responde que faz isso para acabar com a guerra entre as fam\u00edlias. Na fonte, Julieta e Romeu pensam em quem poderia colocar cola na tinta. Romeu se lembra que Karen ficou sozinha com a mochila dele e acaba revelando a Julieta que Karen sabe da amizade dele com uma Campos. Julieta fica chateada ao saber que Romeu revelou a Karen a amizade entre eles. Juli explica que antigamente ela brincava com Karen e L\u00edvia, mas que Karen come\u00e7ou a ter ci\u00fame e tratar Julieta muito mal. Romeu reconhece que errou ao contar o segredo. Amanda insiste que Enzo saia da Monter Holding.<\/p>\n<p>(*) edi\u00e7\u00e3o das novelas do SBT, \u201cA Inf\u00e2ncia de Romeu e Julieta\u201d, sujeito a altera\u00e7\u00e3o de data e conte\u00fado.<\/p>\n<p>Sinopse \u201cA Inf\u00e2ncia de Romeu e Julieta\u201d: A Trama se passa no bairro chamado castanheiras, em que duas fam\u00edlias com propostas diferentes para esse bairro vivem em disc\u00f3rdia, sendo divididas entre os lados Torre (Campos) e Vila (Monteiro).[6] Entretanto, Romeu (Miguel \u00c2ngelo) e Julieta (Vitt\u00f3ria Seixas) se conhecem, da\u00ed em diante, as fam\u00edlias rivais t\u00eam uma nova oportunidade de trazer paz e uni\u00e3o entre o conv\u00edvio deles. <\/p>\n<p>Romeu e Julieta n\u00e3o sabem como v\u00e3o fazer para ficarem juntos. A not\u00edcia do romance chega \u00e0s fam\u00edlias, que n\u00e3o gostam nada da hist\u00f3ria e tratam de afasta-los imediatamente, aprontando v\u00e1rias situa\u00e7\u00f5es. Romeu e Julieta querem acabar com essa hostilidade e tentam ir atr\u00e1s de uma solu\u00e7\u00e3o, mas ao descobrirem mais sobre a hist\u00f3ria de seus pais, percebem que pode ser imposs\u00edvel.<\/p>\n","protected":false},"excerpt":{"rendered":"<p>Resumo da novela \u201cA Inf\u00e2ncia de Romeu e Julieta\u201d em 28\/06: no cap\u00edtulo 038(*) da novela, Leandro alega que vai demolir im\u00f3vel de Telma, e Bernardo n\u00e3o gosta da ideia. Enzo diz que pode ter multa, mas Leandro afirma que pode pagar. Bernardo enfrenta o pai e ressalta que nem tudo gira em torno do [&hellip;]<\/p>\n","protected":false},"author":3,"featured_media":232241,"comment_status":"closed","ping_status":"closed","sticky":false,"template":"","format":"standard","meta":{"tdm_status":"","tdm_grid_status":"","footnotes":""},"categories":[2306,379,2025,372,343],"tags":[441],"class_list":{"0":"post-234187","1":"post","2":"type-post","3":"status-publish","4":"format-standard","5":"has-post-thumbnail","7":"category-novela-romeu-e-julieta","8":"category-novelas","9":"category-resumo","10":"category-sbt","11":"category-televisao","12":"tag-resumo-do-dia"},"_links":{"self":[{"href":"https:\/\/migracao.redenoticia.com.br\/noticia\/wp-json\/wp\/v2\/posts\/234187","targetHints":{"allow":["GET"]}}],"collection":[{"href":"https:\/\/migracao.redenoticia.com.br\/noticia\/wp-json\/wp\/v2\/posts"}],"about":[{"href":"https:\/\/migracao.redenoticia.com.br\/noticia\/wp-json\/wp\/v2\/types\/post"}],"author":[{"embeddable":true,"href":"https:\/\/migracao.redenoticia.com.br\/noticia\/wp-json\/wp\/v2\/users\/3"}],"replies":[{"embeddable":true,"href":"https:\/\/migracao.redenoticia.com.br\/noticia\/wp-json\/wp\/v2\/comments?post=234187"}],"version-history":[{"count":0,"href":"https:\/\/migracao.redenoticia.com.br\/noticia\/wp-json\/wp\/v2\/posts\/234187\/revisions"}],"wp:featuredmedia":[{"embeddable":true,"href":"https:\/\/migracao.redenoticia.com.br\/noticia\/wp-json\/wp\/v2\/media\/232241"}],"wp:attachment":[{"href":"https:\/\/migracao.redenoticia.com.br\/noticia\/wp-json\/wp\/v2\/media?parent=234187"}],"wp:term":[{"taxonomy":"category","embeddable":true,"href":"https:\/\/migracao.redenoticia.com.br\/noticia\/wp-json\/wp\/v2\/categories?post=234187"},{"taxonomy":"post_tag","embeddable":true,"href":"https:\/\/migracao.redenoticia.com.br\/noticia\/wp-json\/wp\/v2\/tags?post=234187"}],"curies":[{"name":"wp","href":"https:\/\/api.w.org\/{rel}","templated":true}]}}