{"id":234189,"date":"2023-06-27T10:37:46","date_gmt":"2023-06-27T13:37:46","guid":{"rendered":"https:\/\/www.redenoticia.com.br\/noticia\/?p=234189"},"modified":"2023-06-27T10:37:46","modified_gmt":"2023-06-27T13:37:46","slug":"resumo-um-refugio-para-o-amor-28-06-patricio-recebe-a-noticia-de-que-esta-tetraplegico","status":"publish","type":"post","link":"https:\/\/migracao.redenoticia.com.br\/noticia\/2023\/resumo-um-refugio-para-o-amor-28-06-patricio-recebe-a-noticia-de-que-esta-tetraplegico\/234189","title":{"rendered":"Resumo \u201cUm Ref\u00fagio para o Amor\u201d 28\/06: Patr\u00edcio recebe a not\u00edcia de que est\u00e1 tetrapl\u00e9gico"},"content":{"rendered":"<p> <img loading=\"lazy\" decoding=\"async\" src=\"https:\/\/migracao.redenoticia.com.br\/noticia\/imagens\/um-refugio-para-o-amor-novela-resumo-sbt.jpg.jpg\" alt=\"\" width=\"1280\" height=\"720\" class=\"aligncenter size-full wp-image-233922\" srcset=\"https:\/\/migracao.redenoticia.com.br\/noticia\/imagens\/um-refugio-para-o-amor-novela-resumo-sbt.jpg.jpg 1280w, https:\/\/migracao.redenoticia.com.br\/noticia\/imagens\/um-refugio-para-o-amor-novela-resumo-sbt.jpg-250x140.jpg 250w, https:\/\/migracao.redenoticia.com.br\/noticia\/imagens\/um-refugio-para-o-amor-novela-resumo-sbt.jpg-400x225.jpg 400w, https:\/\/migracao.redenoticia.com.br\/noticia\/imagens\/um-refugio-para-o-amor-novela-resumo-sbt.jpg-768x432.jpg 768w, https:\/\/migracao.redenoticia.com.br\/noticia\/imagens\/um-refugio-para-o-amor-novela-resumo-sbt.jpg-150x84.jpg 150w\" sizes=\"auto, (max-width: 1280px) 100vw, 1280px\" \/> <\/p>\n<p><strong><em>Resumo da novela \u201cUm Ref\u00fagio para o Amor\u201d<\/em><\/strong> em 28\/06: no cap\u00edtulo 003(*) da novela, o m\u00e9dico diz a M\u00e1ximino que Patricio chegou em estado muito grave, se submeteu a uma cirurgia muito delicada e conseguiu sobreviver, mas sua coluna se rompeu e ele perdeu os movimentos do pesco\u00e7o para baixo. M\u00e1ximino fica em choque e Roselena desmaia. Charito diz a Luciana que seria conveniente que ela aceitasse se casar com o Sr. Aquiles porque viveria na riqueza. <\/p>\n<p>Madalena diz a Luciana que Galdino jamais pediria a Aquiles que se casasse com ela. Aquiles mostra a Proc\u00f3pio a escritura da casa e o t\u00edtulo de propriedade das terras de Galdino. Ele diz ter certeza que Luciana vai aceitar se casar com ele. M\u00e1ximino diz a Roselena que n\u00e3o vai se conformar com o diagn\u00f3stico de um m\u00e9dico provinciano e vai procurar o melhor especialista para que seu filho se recupere por completo. Luciana garante que vai pagar tudo que seu pai devia, mas deixa claro que Aquiles n\u00e3o \u00e9 bem-vindo. Madalena oferece suas economias para que Paz pague a d\u00edvida que tem com Aquiles. <\/p>\n<p>O m\u00e9dico diz a Rodrigo que seu irm\u00e3o est\u00e1 evoluindo bem e ser\u00e1 transferido para a Unidade Semi- intensiva. Ele comenta que Patr\u00edcio perguntou para a enfermeira por que n\u00e3o podia se mexer, portanto, chegou o momento de conversar com ele. Patr\u00edcio recebe a not\u00edcia deque est\u00e1 tetrapl\u00e9gico e chora desesperadamente. Luciana diz \u00e0 m\u00e3e que est\u00e1 disposta a ir at\u00e9 a cidade vizinha para vender seu artesanato porque l\u00e1 h\u00e1 turistas e as vendas s\u00e3o melhores.<\/p>\n<p>(*) edi\u00e7\u00e3o das novelas do SBT, \u201cUm Ref\u00fagio para o Amor\u201d, sujeito a altera\u00e7\u00e3o de data e conte\u00fado.<\/p>\n<p>Sinopse \u201cUm Ref\u00fagio para o Amor\u201d: Uma hist\u00f3ria de amor entre uma jovem linda, humilde, simples e trabalhadora que gera admira\u00e7\u00e3o entre os homens e inveja entre as mulheres, e que \u00e9 obrigada a fugir de sua cidade, para a capital, encontrando o amor em um homem rico, bonito, de classe, arrogante, amante de esportes radicais e com fama de conquistador, mas que \u00e9 generoso e atencioso. Eles ter\u00e3o que passar por muitas dificuldades para ficarem juntos.<\/p>\n<p>Estrelado por Zuria Vega e Gabriel Soto com um elenco de primeira classe, incluindo Jessica Coch, Roberto Bland\u00f3n, Laura Flores, Jos\u00e9 Carlos Ruiz, entre outros. Um ref\u00fagio para o amor \u00e9 uma novela mexicana produzida por Ignacio Sada Madero, originalmente por Delia Fiallo e adaptada por Georgina Tinoco. <\/p>\n","protected":false},"excerpt":{"rendered":"<p>Resumo da novela \u201cUm Ref\u00fagio para o Amor\u201d em 28\/06: no cap\u00edtulo 003(*) da novela, o m\u00e9dico diz a M\u00e1ximino que Patricio chegou em estado muito grave, se submeteu a uma cirurgia muito delicada e conseguiu sobreviver, mas sua coluna se rompeu e ele perdeu os movimentos do pesco\u00e7o para baixo. M\u00e1ximino fica em choque [&hellip;]<\/p>\n","protected":false},"author":4,"featured_media":233921,"comment_status":"closed","ping_status":"closed","sticky":false,"template":"","format":"standard","meta":{"tdm_status":"","tdm_grid_status":"","footnotes":""},"categories":[379,2025,372,343,2310],"tags":[441],"class_list":{"0":"post-234189","1":"post","2":"type-post","3":"status-publish","4":"format-standard","5":"has-post-thumbnail","7":"category-novelas","8":"category-resumo","9":"category-sbt","10":"category-televisao","11":"category-um-refugio-para-o-amor","12":"tag-resumo-do-dia"},"_links":{"self":[{"href":"https:\/\/migracao.redenoticia.com.br\/noticia\/wp-json\/wp\/v2\/posts\/234189","targetHints":{"allow":["GET"]}}],"collection":[{"href":"https:\/\/migracao.redenoticia.com.br\/noticia\/wp-json\/wp\/v2\/posts"}],"about":[{"href":"https:\/\/migracao.redenoticia.com.br\/noticia\/wp-json\/wp\/v2\/types\/post"}],"author":[{"embeddable":true,"href":"https:\/\/migracao.redenoticia.com.br\/noticia\/wp-json\/wp\/v2\/users\/4"}],"replies":[{"embeddable":true,"href":"https:\/\/migracao.redenoticia.com.br\/noticia\/wp-json\/wp\/v2\/comments?post=234189"}],"version-history":[{"count":0,"href":"https:\/\/migracao.redenoticia.com.br\/noticia\/wp-json\/wp\/v2\/posts\/234189\/revisions"}],"wp:featuredmedia":[{"embeddable":true,"href":"https:\/\/migracao.redenoticia.com.br\/noticia\/wp-json\/wp\/v2\/media\/233921"}],"wp:attachment":[{"href":"https:\/\/migracao.redenoticia.com.br\/noticia\/wp-json\/wp\/v2\/media?parent=234189"}],"wp:term":[{"taxonomy":"category","embeddable":true,"href":"https:\/\/migracao.redenoticia.com.br\/noticia\/wp-json\/wp\/v2\/categories?post=234189"},{"taxonomy":"post_tag","embeddable":true,"href":"https:\/\/migracao.redenoticia.com.br\/noticia\/wp-json\/wp\/v2\/tags?post=234189"}],"curies":[{"name":"wp","href":"https:\/\/api.w.org\/{rel}","templated":true}]}}