{"id":234242,"date":"2023-06-28T11:25:49","date_gmt":"2023-06-28T14:25:49","guid":{"rendered":"https:\/\/www.redenoticia.com.br\/noticia\/?p=234242"},"modified":"2023-06-28T21:15:29","modified_gmt":"2023-06-29T00:15:29","slug":"resumo-terra-e-paixao-29-06-irene-convence-daniel-a-dar-golpe-em-aline","status":"publish","type":"post","link":"https:\/\/migracao.redenoticia.com.br\/noticia\/2023\/resumo-terra-e-paixao-29-06-irene-convence-daniel-a-dar-golpe-em-aline\/234242","title":{"rendered":"Resumo &#8220;Terra e Paix\u00e3o&#8221; 29\/06: Irene convence Daniel a dar golpe em Aline"},"content":{"rendered":"<p> <img loading=\"lazy\" decoding=\"async\" src=\"https:\/\/migracao.redenoticia.com.br\/noticia\/imagens\/novela-terra-e-paixao-resumo.jpg\" alt=\"\" width=\"1280\" height=\"720\" class=\"aligncenter size-full wp-image-231930\" srcset=\"https:\/\/migracao.redenoticia.com.br\/noticia\/imagens\/novela-terra-e-paixao-resumo.jpg 1280w, https:\/\/migracao.redenoticia.com.br\/noticia\/imagens\/novela-terra-e-paixao-resumo-250x140.jpg 250w, https:\/\/migracao.redenoticia.com.br\/noticia\/imagens\/novela-terra-e-paixao-resumo-400x225.jpg 400w, https:\/\/migracao.redenoticia.com.br\/noticia\/imagens\/novela-terra-e-paixao-resumo-768x432.jpg 768w, https:\/\/migracao.redenoticia.com.br\/noticia\/imagens\/novela-terra-e-paixao-resumo-150x84.jpg 150w\" sizes=\"auto, (max-width: 1280px) 100vw, 1280px\" \/> <\/p>\n<p><strong><em>Resumo da novela &#8220;Terra e Paix\u00e3o&#8221;<\/em><\/strong> em 29\/06: no cap\u00edtulo 046(*) da novela, Aline fica sabendo por Franco que a primeira parcela do seu empr\u00e9stimo foi paga. Ademir conta a Caio que pagou a parcela do empr\u00e9stimo de Aline para afrontar Ant\u00f4nio. Ant\u00f4nio promete destruir a pessoa que pagou a d\u00edvida de Aline. <\/p>\n<p>Jussara tenta convencer Aline de que Daniel est\u00e1 enrolando a filha. Luigi conta a Caio que Daniel assinou um documento \u00e0s escondidas oficializando a sucess\u00e3o. Irene convence Daniel a dar um golpe em Aline para conseguir as terras que Ant\u00f4nio deseja. Franco revela a Ant\u00f4nio que foi Luana quem pagou a parcela do empr\u00e9stimo de Aline. Anely lembra a Luigi que ele casou com documento falso. <\/p>\n<p>Caio reclama de Daniel com Aline. Rodrigo comunica a Caio que o corpo de Agatha deve ser exumado para comprovar que ele \u00e9 filho dela. Ademir se hospeda na pousada de Lucinda. Daniel prop\u00f5e a Aline que venda as terras e v\u00e1 morar em outro lugar com ele.<\/p>\n<p>(*) edi\u00e7\u00e3o das novelas da Globo, &#8220;Terra e Paix\u00e3o&#8221;, sujeito a altera\u00e7\u00e3o de data e conte\u00fado.<\/p>\n<p>Sinopse &#8220;Terra e Paix\u00e3o&#8221;: Aline vive ao lado do marido Samuel e do filho Jo\u00e3o. Ap\u00f3s um atentado em sua casa, v\u00ea-se sozinha com o menino diante das terras deixadas pelo marido. Aline aprende a plantar com a ajuda de Jonatas, um amigo fiel. Al\u00e9m de contar com ele, tem ao seu lado sua m\u00e3e. Aline se aproxima dos irm\u00e3os Caio e Daniel, filhos do poderoso fazendeiro Ant\u00f4nio, com quem precisa brigar para manter suas terras. Ao lado dos dois rapazes, descobre sentimentos novos. Ant\u00f4nio La Selva \u00e9 casado com Irene com quem tem dois filhos, Daniel e Petra. Ele foi muito apaixonado por Agatha, com quem teve Caio, e culpa o rapaz pela morte da m\u00e3e no pr\u00e9-parto. <\/p>\n","protected":false},"excerpt":{"rendered":"<p>Resumo da novela &#8220;Terra e Paix\u00e3o&#8221; em 29\/06: no cap\u00edtulo 046(*) da novela, Aline fica sabendo por Franco que a primeira parcela do seu empr\u00e9stimo foi paga. Ademir conta a Caio que pagou a parcela do empr\u00e9stimo de Aline para afrontar Ant\u00f4nio. Ant\u00f4nio promete destruir a pessoa que pagou a d\u00edvida de Aline. Jussara tenta [&hellip;]<\/p>\n","protected":false},"author":2,"featured_media":231928,"comment_status":"closed","ping_status":"closed","sticky":false,"template":"","format":"standard","meta":{"tdm_status":"","tdm_grid_status":"","footnotes":""},"categories":[379,375,2025,343,2305],"tags":[441],"class_list":{"0":"post-234242","1":"post","2":"type-post","3":"status-publish","4":"format-standard","5":"has-post-thumbnail","7":"category-novelas","8":"category-rede-globo","9":"category-resumo","10":"category-televisao","11":"category-terra-e-paixao","12":"tag-resumo-do-dia"},"_links":{"self":[{"href":"https:\/\/migracao.redenoticia.com.br\/noticia\/wp-json\/wp\/v2\/posts\/234242","targetHints":{"allow":["GET"]}}],"collection":[{"href":"https:\/\/migracao.redenoticia.com.br\/noticia\/wp-json\/wp\/v2\/posts"}],"about":[{"href":"https:\/\/migracao.redenoticia.com.br\/noticia\/wp-json\/wp\/v2\/types\/post"}],"author":[{"embeddable":true,"href":"https:\/\/migracao.redenoticia.com.br\/noticia\/wp-json\/wp\/v2\/users\/2"}],"replies":[{"embeddable":true,"href":"https:\/\/migracao.redenoticia.com.br\/noticia\/wp-json\/wp\/v2\/comments?post=234242"}],"version-history":[{"count":0,"href":"https:\/\/migracao.redenoticia.com.br\/noticia\/wp-json\/wp\/v2\/posts\/234242\/revisions"}],"wp:featuredmedia":[{"embeddable":true,"href":"https:\/\/migracao.redenoticia.com.br\/noticia\/wp-json\/wp\/v2\/media\/231928"}],"wp:attachment":[{"href":"https:\/\/migracao.redenoticia.com.br\/noticia\/wp-json\/wp\/v2\/media?parent=234242"}],"wp:term":[{"taxonomy":"category","embeddable":true,"href":"https:\/\/migracao.redenoticia.com.br\/noticia\/wp-json\/wp\/v2\/categories?post=234242"},{"taxonomy":"post_tag","embeddable":true,"href":"https:\/\/migracao.redenoticia.com.br\/noticia\/wp-json\/wp\/v2\/tags?post=234242"}],"curies":[{"name":"wp","href":"https:\/\/api.w.org\/{rel}","templated":true}]}}