{"id":234245,"date":"2023-06-28T11:16:58","date_gmt":"2023-06-28T14:16:58","guid":{"rendered":"https:\/\/www.redenoticia.com.br\/noticia\/?p=234245"},"modified":"2023-06-28T11:16:58","modified_gmt":"2023-06-28T14:16:58","slug":"resumo-a-infancia-de-romeu-e-julieta-29-06-cranio-descobre-sabotagem-de-trapaca","status":"publish","type":"post","link":"https:\/\/migracao.redenoticia.com.br\/noticia\/2023\/resumo-a-infancia-de-romeu-e-julieta-29-06-cranio-descobre-sabotagem-de-trapaca\/234245","title":{"rendered":"Resumo \u201cA Inf\u00e2ncia de Romeu e Julieta\u201d 29\/06: Cr\u00e2nio descobre sabotagem de Trapa\u00e7a"},"content":{"rendered":"<p> <img loading=\"lazy\" decoding=\"async\" src=\"https:\/\/migracao.redenoticia.com.br\/noticia\/imagens\/novela-romeu-e-julieta-sbt-elenco-resumo.jpg\" alt=\"\" width=\"1280\" height=\"720\" class=\"aligncenter size-full wp-image-232242\" srcset=\"https:\/\/migracao.redenoticia.com.br\/noticia\/imagens\/novela-romeu-e-julieta-sbt-elenco-resumo.jpg 1280w, https:\/\/migracao.redenoticia.com.br\/noticia\/imagens\/novela-romeu-e-julieta-sbt-elenco-resumo-250x140.jpg 250w, https:\/\/migracao.redenoticia.com.br\/noticia\/imagens\/novela-romeu-e-julieta-sbt-elenco-resumo-400x225.jpg 400w, https:\/\/migracao.redenoticia.com.br\/noticia\/imagens\/novela-romeu-e-julieta-sbt-elenco-resumo-768x432.jpg 768w, https:\/\/migracao.redenoticia.com.br\/noticia\/imagens\/novela-romeu-e-julieta-sbt-elenco-resumo-150x84.jpg 150w\" sizes=\"auto, (max-width: 1280px) 100vw, 1280px\" \/><\/p>\n<p><strong><em>Resumo da novela \u201cA Inf\u00e2ncia de Romeu e Julieta\u201d<\/em><\/strong> em 29\/06: no cap\u00edtulo 039(*) da novela, Fausto nota Bernardo saindo do CEC. Ellen, Ian e Nath mandam Pedalzera deixar eles em paz e mentem alegando que s\u00e3o a gangue Rollezera. Momento depois, Romeu se depara com Karen na portaria e ajuda a amiga a procurar quem colocou cola na lata de tinta. Bernardo admite para Vera que encontrou com H\u00e9lio e que Leandro n\u00e3o pode derrubar um patrim\u00f4nio hist\u00f3rico. Vera diz que ele n\u00e3o deve bater de frente com Leandro. Fausto visita Leandro e exp\u00f5e que viu Bernardo saindo do CEC. <\/p>\n<p>Cr\u00e2nio descobre que Trapa\u00e7a o sabotou, e grupo concorda em puni\u00e7\u00e3o. Fausto fica bravo com P\u00f3rcia por dedica\u00e7\u00e3o com Bass\u00e2nio. Vitor est\u00e1 empenhado em reformular o caf\u00e9 do Armaz\u00e9m. No escrit\u00f3rio da Monter, Enzo diz a Leandro que est\u00e1 sendo cobrado pela fam\u00edlia e que precisa pedir demiss\u00e3o. Leandro n\u00e3o quer que ele saia da Holding e oferece uma proposta. P\u00f3rcia prepara um material para Bass\u00e2nio estudar. Ele diz que \u00e9 melhor eles n\u00e3o terem contato, por\u00e9m n\u00e3o conta que Fausto pediu para ele ficar longe da filha. Glaucia se encontra com Bernardo e pergunta se ele est\u00e1 bem. Ela fala que o irm\u00e3o vai ser mais feliz fora da Holding e que deseja contratar o servi\u00e7o dele para reformar a casa dela. Bernardo pergunta se Glaucia quer mant\u00ea-lo longe da empresa. A manifesta\u00e7\u00e3o come\u00e7a. Telma chega com Daniel, e os moradores olham torto. Telma diz \u00e0 popula\u00e7\u00e3o que \u00e9 contra a demoli\u00e7\u00e3o e que vendeu a casa por necessidade, ela refor\u00e7a que n\u00e3o tem la\u00e7os com Leandro e que est\u00e1 do Lado Vila. <\/p>\n<p>Na sorveteria, Romeu diz para Karen que n\u00e3o aguenta mais o namoro falso com Rosalina. Ela fala para mostrar para Rosalina o lado ruim de namorar com um membro dos Monteiro. Saindo de um carro de luxo, Enzo aparece na mobiliza\u00e7\u00e3o, e os moradores gritam o chamando de traidor. H\u00e9lio diz que ele n\u00e3o \u00e9 bem-vindo no local. Enzo declara que est\u00e1 representando Leandro e que traz boas not\u00edcias: Leandro n\u00e3o vai demolir o im\u00f3vel e transformar\u00e1 o espa\u00e7o em um centro cultural de Castanheiras. Patrick cerca Romeu\/R\u00f4mulo para se vingar.<\/p>\n<p>(*) edi\u00e7\u00e3o das novelas do SBT, \u201cA Inf\u00e2ncia de Romeu e Julieta\u201d, sujeito a altera\u00e7\u00e3o de data e conte\u00fado.<\/p>\n<p>Sinopse \u201cA Inf\u00e2ncia de Romeu e Julieta\u201d: A Trama se passa no bairro chamado castanheiras, em que duas fam\u00edlias com propostas diferentes para esse bairro vivem em disc\u00f3rdia, sendo divididas entre os lados Torre (Campos) e Vila (Monteiro).[6] Entretanto, Romeu (Miguel \u00c2ngelo) e Julieta (Vitt\u00f3ria Seixas) se conhecem, da\u00ed em diante, as fam\u00edlias rivais t\u00eam uma nova oportunidade de trazer paz e uni\u00e3o entre o conv\u00edvio deles. <\/p>\n<p>Romeu e Julieta n\u00e3o sabem como v\u00e3o fazer para ficarem juntos. A not\u00edcia do romance chega \u00e0s fam\u00edlias, que n\u00e3o gostam nada da hist\u00f3ria e tratam de afasta-los imediatamente, aprontando v\u00e1rias situa\u00e7\u00f5es. Romeu e Julieta querem acabar com essa hostilidade e tentam ir atr\u00e1s de uma solu\u00e7\u00e3o, mas ao descobrirem mais sobre a hist\u00f3ria de seus pais, percebem que pode ser imposs\u00edvel.<\/p>\n","protected":false},"excerpt":{"rendered":"<p>Resumo da novela \u201cA Inf\u00e2ncia de Romeu e Julieta\u201d em 29\/06: no cap\u00edtulo 039(*) da novela, Fausto nota Bernardo saindo do CEC. Ellen, Ian e Nath mandam Pedalzera deixar eles em paz e mentem alegando que s\u00e3o a gangue Rollezera. Momento depois, Romeu se depara com Karen na portaria e ajuda a amiga a procurar [&hellip;]<\/p>\n","protected":false},"author":2,"featured_media":232241,"comment_status":"closed","ping_status":"closed","sticky":false,"template":"","format":"standard","meta":{"tdm_status":"","tdm_grid_status":"","footnotes":""},"categories":[2306,379,2025,372,343],"tags":[441],"class_list":{"0":"post-234245","1":"post","2":"type-post","3":"status-publish","4":"format-standard","5":"has-post-thumbnail","7":"category-novela-romeu-e-julieta","8":"category-novelas","9":"category-resumo","10":"category-sbt","11":"category-televisao","12":"tag-resumo-do-dia"},"_links":{"self":[{"href":"https:\/\/migracao.redenoticia.com.br\/noticia\/wp-json\/wp\/v2\/posts\/234245","targetHints":{"allow":["GET"]}}],"collection":[{"href":"https:\/\/migracao.redenoticia.com.br\/noticia\/wp-json\/wp\/v2\/posts"}],"about":[{"href":"https:\/\/migracao.redenoticia.com.br\/noticia\/wp-json\/wp\/v2\/types\/post"}],"author":[{"embeddable":true,"href":"https:\/\/migracao.redenoticia.com.br\/noticia\/wp-json\/wp\/v2\/users\/2"}],"replies":[{"embeddable":true,"href":"https:\/\/migracao.redenoticia.com.br\/noticia\/wp-json\/wp\/v2\/comments?post=234245"}],"version-history":[{"count":0,"href":"https:\/\/migracao.redenoticia.com.br\/noticia\/wp-json\/wp\/v2\/posts\/234245\/revisions"}],"wp:featuredmedia":[{"embeddable":true,"href":"https:\/\/migracao.redenoticia.com.br\/noticia\/wp-json\/wp\/v2\/media\/232241"}],"wp:attachment":[{"href":"https:\/\/migracao.redenoticia.com.br\/noticia\/wp-json\/wp\/v2\/media?parent=234245"}],"wp:term":[{"taxonomy":"category","embeddable":true,"href":"https:\/\/migracao.redenoticia.com.br\/noticia\/wp-json\/wp\/v2\/categories?post=234245"},{"taxonomy":"post_tag","embeddable":true,"href":"https:\/\/migracao.redenoticia.com.br\/noticia\/wp-json\/wp\/v2\/tags?post=234245"}],"curies":[{"name":"wp","href":"https:\/\/api.w.org\/{rel}","templated":true}]}}