{"id":234247,"date":"2023-06-28T11:15:44","date_gmt":"2023-06-28T14:15:44","guid":{"rendered":"https:\/\/www.redenoticia.com.br\/noticia\/?p=234247"},"modified":"2023-06-28T11:15:44","modified_gmt":"2023-06-28T14:15:44","slug":"resumo-um-refugio-para-o-amor-29-06-aquiles-e-preso","status":"publish","type":"post","link":"https:\/\/migracao.redenoticia.com.br\/noticia\/2023\/resumo-um-refugio-para-o-amor-29-06-aquiles-e-preso\/234247","title":{"rendered":"Resumo \u201cUm Ref\u00fagio para o Amor\u201d 29\/06: Aquiles \u00e9 preso"},"content":{"rendered":"<p> <img loading=\"lazy\" decoding=\"async\" src=\"https:\/\/migracao.redenoticia.com.br\/noticia\/imagens\/um-refugio-para-o-amor-novela-resumo-sbt.jpg.jpg\" alt=\"\" width=\"1280\" height=\"720\" class=\"aligncenter size-full wp-image-233922\" srcset=\"https:\/\/migracao.redenoticia.com.br\/noticia\/imagens\/um-refugio-para-o-amor-novela-resumo-sbt.jpg.jpg 1280w, https:\/\/migracao.redenoticia.com.br\/noticia\/imagens\/um-refugio-para-o-amor-novela-resumo-sbt.jpg-250x140.jpg 250w, https:\/\/migracao.redenoticia.com.br\/noticia\/imagens\/um-refugio-para-o-amor-novela-resumo-sbt.jpg-400x225.jpg 400w, https:\/\/migracao.redenoticia.com.br\/noticia\/imagens\/um-refugio-para-o-amor-novela-resumo-sbt.jpg-768x432.jpg 768w, https:\/\/migracao.redenoticia.com.br\/noticia\/imagens\/um-refugio-para-o-amor-novela-resumo-sbt.jpg-150x84.jpg 150w\" sizes=\"auto, (max-width: 1280px) 100vw, 1280px\" \/> <\/p>\n<p><strong><em>Resumo da novela \u201cUm Ref\u00fagio para o Amor\u201d<\/em><\/strong> em 29\/06: no cap\u00edtulo 004(*) da novela, Aquiles sequestra Luciana e amea\u00e7a fazer mal a seu irm\u00e3o, Louren\u00e7o, caso ela se negue a se casar com ele. Ariche avisa as autoridades e eles chegam no exato momento em que o juiz est\u00e1 prestes a realizar o casamento. Patricio volta para casa e diz aos pais que ficar\u00e1 trancado em seu quarto at\u00e9 seu \u00faltimo dia de vida. Clara comenta com o sogro que teme que o acidente de Patr\u00edcio altere seu relacionamento com Rodrigo. M\u00e1ximino a aconselha a ter paci\u00eancia porque, nesse momento, Patr\u00edcio \u00e9 a prioridade. <\/p>\n<p>Aquiles \u00e9 preso, mas, horas depois, \u00e9 posto em liberdade e, para se vingar, ordena que Luciana e a fam\u00edlia sejam expulsos da casa onde moram. Rodrigo diz a Clara que est\u00e1 muito angustiado com o que aconteceu com Patr\u00edcio e preocupado com os neg\u00f3cios. Mas ela n\u00e3o entende o momento que Rodrigo est\u00e1 passando e pede que lhe d\u00ea mais aten\u00e7\u00e3o. Rodrigo responde que ela \u00e9 muito importante para ele e Clara aproveita para exigir que se casem imediatamente. Luciana, chorando, se despede da m\u00e3e e do irm\u00e3o, e diz que o melhor \u00e9 ir para a capital para fugir do Sr. Aquiles. Louren\u00e7o promete a Luciana que cuidar\u00e1 da m\u00e3e e em breve voltar\u00e3o a estar juntos.<\/p>\n<p>(*) edi\u00e7\u00e3o das novelas do SBT, \u201cUm Ref\u00fagio para o Amor\u201d, sujeito a altera\u00e7\u00e3o de data e conte\u00fado.<\/p>\n<p>Sinopse \u201cUm Ref\u00fagio para o Amor\u201d: Uma hist\u00f3ria de amor entre uma jovem linda, humilde, simples e trabalhadora que gera admira\u00e7\u00e3o entre os homens e inveja entre as mulheres, e que \u00e9 obrigada a fugir de sua cidade, para a capital, encontrando o amor em um homem rico, bonito, de classe, arrogante, amante de esportes radicais e com fama de conquistador, mas que \u00e9 generoso e atencioso. Eles ter\u00e3o que passar por muitas dificuldades para ficarem juntos.<\/p>\n<p>Estrelado por Zuria Vega e Gabriel Soto com um elenco de primeira classe, incluindo Jessica Coch, Roberto Bland\u00f3n, Laura Flores, Jos\u00e9 Carlos Ruiz, entre outros. Um ref\u00fagio para o amor \u00e9 uma novela mexicana produzida por Ignacio Sada Madero, originalmente por Delia Fiallo e adaptada por Georgina Tinoco. <\/p>\n","protected":false},"excerpt":{"rendered":"<p>Resumo da novela \u201cUm Ref\u00fagio para o Amor\u201d em 29\/06: no cap\u00edtulo 004(*) da novela, Aquiles sequestra Luciana e amea\u00e7a fazer mal a seu irm\u00e3o, Louren\u00e7o, caso ela se negue a se casar com ele. Ariche avisa as autoridades e eles chegam no exato momento em que o juiz est\u00e1 prestes a realizar o casamento. [&hellip;]<\/p>\n","protected":false},"author":5,"featured_media":233921,"comment_status":"closed","ping_status":"closed","sticky":false,"template":"","format":"standard","meta":{"tdm_status":"","tdm_grid_status":"","footnotes":""},"categories":[379,2025,372,343,2310],"tags":[441],"class_list":{"0":"post-234247","1":"post","2":"type-post","3":"status-publish","4":"format-standard","5":"has-post-thumbnail","7":"category-novelas","8":"category-resumo","9":"category-sbt","10":"category-televisao","11":"category-um-refugio-para-o-amor","12":"tag-resumo-do-dia"},"_links":{"self":[{"href":"https:\/\/migracao.redenoticia.com.br\/noticia\/wp-json\/wp\/v2\/posts\/234247","targetHints":{"allow":["GET"]}}],"collection":[{"href":"https:\/\/migracao.redenoticia.com.br\/noticia\/wp-json\/wp\/v2\/posts"}],"about":[{"href":"https:\/\/migracao.redenoticia.com.br\/noticia\/wp-json\/wp\/v2\/types\/post"}],"author":[{"embeddable":true,"href":"https:\/\/migracao.redenoticia.com.br\/noticia\/wp-json\/wp\/v2\/users\/5"}],"replies":[{"embeddable":true,"href":"https:\/\/migracao.redenoticia.com.br\/noticia\/wp-json\/wp\/v2\/comments?post=234247"}],"version-history":[{"count":0,"href":"https:\/\/migracao.redenoticia.com.br\/noticia\/wp-json\/wp\/v2\/posts\/234247\/revisions"}],"wp:featuredmedia":[{"embeddable":true,"href":"https:\/\/migracao.redenoticia.com.br\/noticia\/wp-json\/wp\/v2\/media\/233921"}],"wp:attachment":[{"href":"https:\/\/migracao.redenoticia.com.br\/noticia\/wp-json\/wp\/v2\/media?parent=234247"}],"wp:term":[{"taxonomy":"category","embeddable":true,"href":"https:\/\/migracao.redenoticia.com.br\/noticia\/wp-json\/wp\/v2\/categories?post=234247"},{"taxonomy":"post_tag","embeddable":true,"href":"https:\/\/migracao.redenoticia.com.br\/noticia\/wp-json\/wp\/v2\/tags?post=234247"}],"curies":[{"name":"wp","href":"https:\/\/api.w.org\/{rel}","templated":true}]}}