{"id":234287,"date":"2023-06-29T14:09:53","date_gmt":"2023-06-29T17:09:53","guid":{"rendered":"https:\/\/www.redenoticia.com.br\/noticia\/?p=234287"},"modified":"2023-06-29T14:09:53","modified_gmt":"2023-06-29T17:09:53","slug":"resumo-a-infancia-de-romeu-e-julieta-30-06-patrick-se-encanta-por-julieta","status":"publish","type":"post","link":"https:\/\/migracao.redenoticia.com.br\/noticia\/2023\/resumo-a-infancia-de-romeu-e-julieta-30-06-patrick-se-encanta-por-julieta\/234287","title":{"rendered":"Resumo \u201cA Inf\u00e2ncia de Romeu e Julieta\u201d 30\/06: Patrick se encanta por Julieta"},"content":{"rendered":"<p> <img loading=\"lazy\" decoding=\"async\" src=\"https:\/\/migracao.redenoticia.com.br\/noticia\/imagens\/novela-romeu-e-julieta-sbt-elenco-resumo.jpg\" alt=\"\" width=\"1280\" height=\"720\" class=\"aligncenter size-full wp-image-232242\" srcset=\"https:\/\/migracao.redenoticia.com.br\/noticia\/imagens\/novela-romeu-e-julieta-sbt-elenco-resumo.jpg 1280w, https:\/\/migracao.redenoticia.com.br\/noticia\/imagens\/novela-romeu-e-julieta-sbt-elenco-resumo-250x140.jpg 250w, https:\/\/migracao.redenoticia.com.br\/noticia\/imagens\/novela-romeu-e-julieta-sbt-elenco-resumo-400x225.jpg 400w, https:\/\/migracao.redenoticia.com.br\/noticia\/imagens\/novela-romeu-e-julieta-sbt-elenco-resumo-768x432.jpg 768w, https:\/\/migracao.redenoticia.com.br\/noticia\/imagens\/novela-romeu-e-julieta-sbt-elenco-resumo-150x84.jpg 150w\" sizes=\"auto, (max-width: 1280px) 100vw, 1280px\" \/><\/p>\n<p><strong><em>Resumo da novela \u201cA Inf\u00e2ncia de Romeu e Julieta\u201d<\/em><\/strong> em 30\/06: no cap\u00edtulo 040(*) da novela, Clara diz a H\u00e9lio que Leandro pode estar mudando. H\u00e9lio e Mariana n\u00e3o confiam no velho Monteiro. Patrick avan\u00e7a para cima de Romeu\/R\u00f4mulo, mas cai e se machuca. Em conversa particular com Amanda, Enzo revela que n\u00e3o vai sair da Holding e que Leandro n\u00e3o \u00e9 uma pessoa ruim e que o problema \u00e9 a briga das fam\u00edlias, pedindo para a esposa n\u00e3o se envolver. Amanda diz a Enzo que para ela \u00e9 complicado, j\u00e1 que \u00e9 s\u00f3cia e melhor amiga de Mari. <\/p>\n<p>Vera conta ao marido, Bernardo, que Leandro n\u00e3o vai demolir a casa que pertencia a Telma e o fato pode ser um sinal para Bernardo voltar \u00e0 empresa, j\u00e1 que ele pediu para deixar o im\u00f3vel intacto. Julieta e L\u00edvia observam Rosalina passando batom antes do treino. Em aula particular, Romeu e T\u00e9o come\u00e7am a treinar juntos. Enquanto L\u00edvia faz a maquiagem em Julieta, elas conversam sobre a possibilidade de Daniel e Telma namorarem. Karen nota Julieta com maquiagem. No vesti\u00e1rio, Romeu elogia T\u00e9o. Antes de ir embora, Romeu deixa a carteira com documento cair, T\u00e9o tenta ajud\u00e1-lo, mas Romeu se desespera para o rival n\u00e3o descobrir sua verdadeira identidade. Patrick se encanta por Julieta de maquiagem no rosto. O experimento do caf\u00e9 do Vitor n\u00e3o agrada Julieta e os amigos. <\/p>\n<p>Telma diz para Daniel que est\u00e1 feliz em realizar o sonho ao lado dele. Telma pede para a filha, L\u00edvia, deixar uma correspond\u00eancia que recebeu por engano na casa dos Monteiro. Ao chegar no andar, L\u00edvia v\u00ea Romeu\/R\u00f4mulo saindo do corredor do apartamento dos Monteiro. Trapa\u00e7a comenta com F\u00ea Dengosa que o plano delas em criar o Rollezera deu certo. Disfar\u00e7ado, Vitor entra na Monter Mercado para comprar p\u00f3 de caf\u00e9 importado. Ardilosa, Karen diz a Patrick que ouviu L\u00edvia e Julieta falarem tantas coisas bacanas sobre ele. Patrick acha que Julieta estava maquiada para agrad\u00e1-lo. Bernardo vai at\u00e9 a Monter Holding conversar com Leandro, e Glaucia fica preocupada com a volta do irm\u00e3o.<\/p>\n<p>(*) edi\u00e7\u00e3o das novelas do SBT, \u201cA Inf\u00e2ncia de Romeu e Julieta\u201d, sujeito a altera\u00e7\u00e3o de data e conte\u00fado.<\/p>\n<p>Sinopse \u201cA Inf\u00e2ncia de Romeu e Julieta\u201d: A Trama se passa no bairro chamado castanheiras, em que duas fam\u00edlias com propostas diferentes para esse bairro vivem em disc\u00f3rdia, sendo divididas entre os lados Torre (Campos) e Vila (Monteiro).[6] Entretanto, Romeu (Miguel \u00c2ngelo) e Julieta (Vitt\u00f3ria Seixas) se conhecem, da\u00ed em diante, as fam\u00edlias rivais t\u00eam uma nova oportunidade de trazer paz e uni\u00e3o entre o conv\u00edvio deles. <\/p>\n<p>Romeu e Julieta n\u00e3o sabem como v\u00e3o fazer para ficarem juntos. A not\u00edcia do romance chega \u00e0s fam\u00edlias, que n\u00e3o gostam nada da hist\u00f3ria e tratam de afasta-los imediatamente, aprontando v\u00e1rias situa\u00e7\u00f5es. Romeu e Julieta querem acabar com essa hostilidade e tentam ir atr\u00e1s de uma solu\u00e7\u00e3o, mas ao descobrirem mais sobre a hist\u00f3ria de seus pais, percebem que pode ser imposs\u00edvel.<\/p>\n","protected":false},"excerpt":{"rendered":"<p>Resumo da novela \u201cA Inf\u00e2ncia de Romeu e Julieta\u201d em 30\/06: no cap\u00edtulo 040(*) da novela, Clara diz a H\u00e9lio que Leandro pode estar mudando. H\u00e9lio e Mariana n\u00e3o confiam no velho Monteiro. Patrick avan\u00e7a para cima de Romeu\/R\u00f4mulo, mas cai e se machuca. Em conversa particular com Amanda, Enzo revela que n\u00e3o vai sair [&hellip;]<\/p>\n","protected":false},"author":2,"featured_media":232241,"comment_status":"closed","ping_status":"closed","sticky":false,"template":"","format":"standard","meta":{"tdm_status":"","tdm_grid_status":"","footnotes":""},"categories":[2306,379,2025,372,343],"tags":[441],"class_list":{"0":"post-234287","1":"post","2":"type-post","3":"status-publish","4":"format-standard","5":"has-post-thumbnail","7":"category-novela-romeu-e-julieta","8":"category-novelas","9":"category-resumo","10":"category-sbt","11":"category-televisao","12":"tag-resumo-do-dia"},"_links":{"self":[{"href":"https:\/\/migracao.redenoticia.com.br\/noticia\/wp-json\/wp\/v2\/posts\/234287","targetHints":{"allow":["GET"]}}],"collection":[{"href":"https:\/\/migracao.redenoticia.com.br\/noticia\/wp-json\/wp\/v2\/posts"}],"about":[{"href":"https:\/\/migracao.redenoticia.com.br\/noticia\/wp-json\/wp\/v2\/types\/post"}],"author":[{"embeddable":true,"href":"https:\/\/migracao.redenoticia.com.br\/noticia\/wp-json\/wp\/v2\/users\/2"}],"replies":[{"embeddable":true,"href":"https:\/\/migracao.redenoticia.com.br\/noticia\/wp-json\/wp\/v2\/comments?post=234287"}],"version-history":[{"count":0,"href":"https:\/\/migracao.redenoticia.com.br\/noticia\/wp-json\/wp\/v2\/posts\/234287\/revisions"}],"wp:featuredmedia":[{"embeddable":true,"href":"https:\/\/migracao.redenoticia.com.br\/noticia\/wp-json\/wp\/v2\/media\/232241"}],"wp:attachment":[{"href":"https:\/\/migracao.redenoticia.com.br\/noticia\/wp-json\/wp\/v2\/media?parent=234287"}],"wp:term":[{"taxonomy":"category","embeddable":true,"href":"https:\/\/migracao.redenoticia.com.br\/noticia\/wp-json\/wp\/v2\/categories?post=234287"},{"taxonomy":"post_tag","embeddable":true,"href":"https:\/\/migracao.redenoticia.com.br\/noticia\/wp-json\/wp\/v2\/tags?post=234287"}],"curies":[{"name":"wp","href":"https:\/\/api.w.org\/{rel}","templated":true}]}}