{"id":234289,"date":"2023-06-29T14:08:35","date_gmt":"2023-06-29T17:08:35","guid":{"rendered":"https:\/\/www.redenoticia.com.br\/noticia\/?p=234289"},"modified":"2023-06-29T14:08:35","modified_gmt":"2023-06-29T17:08:35","slug":"resumo-um-refugio-para-o-amor-30-06-aquiles-ordena-que-procopio-procure-luciana","status":"publish","type":"post","link":"https:\/\/migracao.redenoticia.com.br\/noticia\/2023\/resumo-um-refugio-para-o-amor-30-06-aquiles-ordena-que-procopio-procure-luciana\/234289","title":{"rendered":"Resumo \u201cUm Ref\u00fagio para o Amor\u201d 30\/06: Aquiles ordena que Proc\u00f3pio procure Luciana"},"content":{"rendered":"<p> <img loading=\"lazy\" decoding=\"async\" src=\"https:\/\/migracao.redenoticia.com.br\/noticia\/imagens\/um-refugio-para-o-amor-novela-resumo-sbt.jpg.jpg\" alt=\"\" width=\"1280\" height=\"720\" class=\"aligncenter size-full wp-image-233922\" srcset=\"https:\/\/migracao.redenoticia.com.br\/noticia\/imagens\/um-refugio-para-o-amor-novela-resumo-sbt.jpg.jpg 1280w, https:\/\/migracao.redenoticia.com.br\/noticia\/imagens\/um-refugio-para-o-amor-novela-resumo-sbt.jpg-250x140.jpg 250w, https:\/\/migracao.redenoticia.com.br\/noticia\/imagens\/um-refugio-para-o-amor-novela-resumo-sbt.jpg-400x225.jpg 400w, https:\/\/migracao.redenoticia.com.br\/noticia\/imagens\/um-refugio-para-o-amor-novela-resumo-sbt.jpg-768x432.jpg 768w, https:\/\/migracao.redenoticia.com.br\/noticia\/imagens\/um-refugio-para-o-amor-novela-resumo-sbt.jpg-150x84.jpg 150w\" sizes=\"auto, (max-width: 1280px) 100vw, 1280px\" \/> <\/p>\n<p><strong><em>Resumo da novela \u201cUm Ref\u00fagio para o Amor\u201d<\/em><\/strong> em 30\/06: no cap\u00edtulo 005(*) da novela, Archie, emocionada, se despede de Luciana e promete evitar que algu\u00e9m a siga. Luciana se assusta ao ver Rodrigo. Roselena comenta com o padre que Patr\u00edcio est\u00e1 muito intolerante e n\u00e3o sabe como trata-lo. Ela tamb\u00e9m culpa o marido por ter incentivado os filhos, desde pequenos, a gostarem de esportes perigosos. <\/p>\n<p>Proc\u00f3pio conta para Aquiles que Luciana foi embora do povoado, mas ningu\u00e9m sabe para onde. Ele fica furioso. Rodrigo diz a Patr\u00edcio que est\u00e1 comprometido com Clara, mas ainda n\u00e3o marcaram a data do casamento porque n\u00e3o \u00e9 o momento para comemora\u00e7\u00f5es. Patr\u00edcio diz ao irm\u00e3o que n\u00e3o deve mudar os planos por sua causa e pede a ele que se case e seja feliz. Rodrigo chora e se culpa pelo acidente. Julieta diz a Clara que precisa marcar a data do casamento antes que apare\u00e7a uma garota mais esperta e o conquiste. <\/p>\n<p>Julieta insiste com a filha, diz que se preocupa com seu futuro e agora que Patr\u00edcio sofreu o acidente, Rodrigo \u00e9 o \u00fanico herdeiro. Aquiles ordena que Proc\u00f3pio procure Luciana e amea\u00e7a mat\u00e1-lo se n\u00e3o conseguir o endere\u00e7o onde est\u00e1 vivendo. Julieta diz a Roselena e M\u00e1ximino que, quando Julieta contou que ia se casar com Rodrigo, pegou o avi\u00e3o para assistir ao casamento. Roselena pergunta ao filho porque n\u00e3o lhe disse nada sobre o casamento.<\/p>\n<p>(*) edi\u00e7\u00e3o das novelas do SBT, \u201cUm Ref\u00fagio para o Amor\u201d, sujeito a altera\u00e7\u00e3o de data e conte\u00fado.<\/p>\n<p>Sinopse \u201cUm Ref\u00fagio para o Amor\u201d: Uma hist\u00f3ria de amor entre uma jovem linda, humilde, simples e trabalhadora que gera admira\u00e7\u00e3o entre os homens e inveja entre as mulheres, e que \u00e9 obrigada a fugir de sua cidade, para a capital, encontrando o amor em um homem rico, bonito, de classe, arrogante, amante de esportes radicais e com fama de conquistador, mas que \u00e9 generoso e atencioso. Eles ter\u00e3o que passar por muitas dificuldades para ficarem juntos.<\/p>\n<p>Estrelado por Zuria Vega e Gabriel Soto com um elenco de primeira classe, incluindo Jessica Coch, Roberto Bland\u00f3n, Laura Flores, Jos\u00e9 Carlos Ruiz, entre outros. Um ref\u00fagio para o amor \u00e9 uma novela mexicana produzida por Ignacio Sada Madero, originalmente por Delia Fiallo e adaptada por Georgina Tinoco.<\/p>\n","protected":false},"excerpt":{"rendered":"<p>Resumo da novela \u201cUm Ref\u00fagio para o Amor\u201d em 30\/06: no cap\u00edtulo 005(*) da novela, Archie, emocionada, se despede de Luciana e promete evitar que algu\u00e9m a siga. Luciana se assusta ao ver Rodrigo. Roselena comenta com o padre que Patr\u00edcio est\u00e1 muito intolerante e n\u00e3o sabe como trata-lo. Ela tamb\u00e9m culpa o marido por [&hellip;]<\/p>\n","protected":false},"author":5,"featured_media":233921,"comment_status":"closed","ping_status":"closed","sticky":false,"template":"","format":"standard","meta":{"tdm_status":"","tdm_grid_status":"","footnotes":""},"categories":[379,2025,372,343,2310],"tags":[441],"class_list":{"0":"post-234289","1":"post","2":"type-post","3":"status-publish","4":"format-standard","5":"has-post-thumbnail","7":"category-novelas","8":"category-resumo","9":"category-sbt","10":"category-televisao","11":"category-um-refugio-para-o-amor","12":"tag-resumo-do-dia"},"_links":{"self":[{"href":"https:\/\/migracao.redenoticia.com.br\/noticia\/wp-json\/wp\/v2\/posts\/234289","targetHints":{"allow":["GET"]}}],"collection":[{"href":"https:\/\/migracao.redenoticia.com.br\/noticia\/wp-json\/wp\/v2\/posts"}],"about":[{"href":"https:\/\/migracao.redenoticia.com.br\/noticia\/wp-json\/wp\/v2\/types\/post"}],"author":[{"embeddable":true,"href":"https:\/\/migracao.redenoticia.com.br\/noticia\/wp-json\/wp\/v2\/users\/5"}],"replies":[{"embeddable":true,"href":"https:\/\/migracao.redenoticia.com.br\/noticia\/wp-json\/wp\/v2\/comments?post=234289"}],"version-history":[{"count":0,"href":"https:\/\/migracao.redenoticia.com.br\/noticia\/wp-json\/wp\/v2\/posts\/234289\/revisions"}],"wp:featuredmedia":[{"embeddable":true,"href":"https:\/\/migracao.redenoticia.com.br\/noticia\/wp-json\/wp\/v2\/media\/233921"}],"wp:attachment":[{"href":"https:\/\/migracao.redenoticia.com.br\/noticia\/wp-json\/wp\/v2\/media?parent=234289"}],"wp:term":[{"taxonomy":"category","embeddable":true,"href":"https:\/\/migracao.redenoticia.com.br\/noticia\/wp-json\/wp\/v2\/categories?post=234289"},{"taxonomy":"post_tag","embeddable":true,"href":"https:\/\/migracao.redenoticia.com.br\/noticia\/wp-json\/wp\/v2\/tags?post=234289"}],"curies":[{"name":"wp","href":"https:\/\/api.w.org\/{rel}","templated":true}]}}