{"id":234299,"date":"2023-06-29T14:16:53","date_gmt":"2023-06-29T17:16:53","guid":{"rendered":"https:\/\/www.redenoticia.com.br\/noticia\/?p=234299"},"modified":"2023-06-29T19:04:51","modified_gmt":"2023-06-29T22:04:51","slug":"resumo-amor-perfeito-30-06-clara-visita-darlene","status":"publish","type":"post","link":"https:\/\/migracao.redenoticia.com.br\/noticia\/2023\/resumo-amor-perfeito-30-06-clara-visita-darlene\/234299","title":{"rendered":"Resumo &#8220;Amor Perfeito&#8221; 30\/06: Gaspar se preocupa com recupera\u00e7\u00e3o de Darlene"},"content":{"rendered":"<p> <img loading=\"lazy\" decoding=\"async\" src=\"https:\/\/migracao.redenoticia.com.br\/noticia\/imagens\/resumo_novela_amor_perfeito.jpg\" alt=\"\" width=\"1280\" height=\"720\" class=\"aligncenter size-full wp-image-230268\" srcset=\"https:\/\/migracao.redenoticia.com.br\/noticia\/imagens\/resumo_novela_amor_perfeito.jpg 1280w, https:\/\/migracao.redenoticia.com.br\/noticia\/imagens\/resumo_novela_amor_perfeito-250x140.jpg 250w, https:\/\/migracao.redenoticia.com.br\/noticia\/imagens\/resumo_novela_amor_perfeito-400x225.jpg 400w, https:\/\/migracao.redenoticia.com.br\/noticia\/imagens\/resumo_novela_amor_perfeito-768x432.jpg 768w, https:\/\/migracao.redenoticia.com.br\/noticia\/imagens\/resumo_novela_amor_perfeito-150x84.jpg 150w\" sizes=\"auto, (max-width: 1280px) 100vw, 1280px\" \/><\/p>\n<p><strong><em>Resumo da novela &#8220;Amor Perfeito&#8221;<\/em><\/strong> em 30\/06: no cap\u00edtulo 087(*) da novela, Gilda afirma a Mar\u00ea que se apaixonou por Orlando e que deseja ser m\u00e3e de Marcelino. Gaspar se afasta para que Jo\u00e3o fale com Darlene. Ivan se surpreende com a preocupa\u00e7\u00e3o genu\u00edna de Gaspar em rela\u00e7\u00e3o a Darlene. Clara visita Darlene. Leonor e T\u00e2nia comemoram o apoio de Anselmo \u00e0 promo\u00e7\u00e3o de seu curso noturno. <\/p>\n<p>Leonor alerta T\u00e2nia sobre o interesse de Tur\u00edbio. Severo n\u00e3o \u00e9 honesto com J\u00falio quando o advogado pergunta sobre o passado do frei. As crian\u00e7as se divertem no cinema. Mar\u00ea garante a \u00cdtalo que levantar\u00e1 o dinheiro para construir sua maternidade. Mar\u00ea, Orlando e os freis comentam sobre a proximidade da audi\u00eancia, e Marcelino ouve.<\/p>\n<p>(*) edi\u00e7\u00e3o das novelas da Globo, &#8220;Amor Perfeito&#8221;, sujeito a altera\u00e7\u00e3o de data e conte\u00fado.<\/p>\n<p>Sinopse &#8220;Amor Perfeito&#8221;: No interior de Minas Gerais, perto da Bahia, desponta a cidade fict\u00edcia de \u00c1guas de S\u00e3o Jacinto, famosa por suas \u00e1guas termais que atraem pessoas de todos os cantos, atr\u00e1s de seus benef\u00edcios. O empres\u00e1rio Leonel Rubi\u00e3o (Paulo Gorgulho) comanda esse imp\u00e9rio materializado na mais suntuosa edifica\u00e7\u00e3o da cidade, o Grande Hotel Budapeste, e \u00e9 em um acordo para explorar as \u00e1guas subterr\u00e2neas nas terras do prefeito Anselmo Evaristo (Paulo Betti), que os dois se mant\u00e9m firmes nas mais altas posi\u00e7\u00f5es dessa elite local. <\/p>\n<p>No elenco \u201cAmor Perfeito\u201d est\u00e3o Levi Asaf, Camila Queiroz, Diogo Almeida, Mariana Ximenes, Thiago Lacerda, Alan Rocha, Allan Souza, Ana Cec\u00edlia Costa, Analu Prestes, Ant\u00f4nio Pitanga, Babu Santana, Barbara Sut, Bernardo Berro, Beto Militani, Breno de Filippo, Bruno Montaleone, Bruno Quixotte, Bukassa Kabengelle, Carmo Dalla Vecchia, Carol Badra, Carol Castro, Chico Peluccio, Christovam Neto, Cristiane Amorim, Cyda Moreno, Daniel Rangel, Davi Queiroz, Genezio de Barros, Glicerio Ros\u00e1rio, Gustavo Arthidoro, Isabel Fillardis, Iza Moreira, Jo\u00e3o Fernandes Nunes, Jorge Flor\u00eancio, Juliana Alves, Karen Coelho, Karen Marinho, Kenia Barbara, Kyvilin Padilha, Lucy Ramos, Malu Dimas, Maria Gal, Mestre Ivamar, Musipere, Paulo Betti, Paulo Gorgulho, Paulo Mendes, Raquel Karro, Rose Lima, Tonico Pereira, Tony Tornado, Valentina Melleu, Vit\u00f3ria Pabst, Ygor Mar\u00e7al e Zez\u00e9 Polessa.<\/p>\n","protected":false},"excerpt":{"rendered":"<p>Resumo da novela &#8220;Amor Perfeito&#8221; em 30\/06: no cap\u00edtulo 087(*) da novela, Gilda afirma a Mar\u00ea que se apaixonou por Orlando e que deseja ser m\u00e3e de Marcelino. Gaspar se afasta para que Jo\u00e3o fale com Darlene. Ivan se surpreende com a preocupa\u00e7\u00e3o genu\u00edna de Gaspar em rela\u00e7\u00e3o a Darlene. Clara visita Darlene. Leonor e [&hellip;]<\/p>\n","protected":false},"author":2,"featured_media":230267,"comment_status":"closed","ping_status":"closed","sticky":false,"template":"","format":"standard","meta":{"tdm_status":"","tdm_grid_status":"","footnotes":""},"categories":[2301,379,375,2025,343],"tags":[441],"class_list":{"0":"post-234299","1":"post","2":"type-post","3":"status-publish","4":"format-standard","5":"has-post-thumbnail","7":"category-amor-perfeito","8":"category-novelas","9":"category-rede-globo","10":"category-resumo","11":"category-televisao","12":"tag-resumo-do-dia"},"_links":{"self":[{"href":"https:\/\/migracao.redenoticia.com.br\/noticia\/wp-json\/wp\/v2\/posts\/234299","targetHints":{"allow":["GET"]}}],"collection":[{"href":"https:\/\/migracao.redenoticia.com.br\/noticia\/wp-json\/wp\/v2\/posts"}],"about":[{"href":"https:\/\/migracao.redenoticia.com.br\/noticia\/wp-json\/wp\/v2\/types\/post"}],"author":[{"embeddable":true,"href":"https:\/\/migracao.redenoticia.com.br\/noticia\/wp-json\/wp\/v2\/users\/2"}],"replies":[{"embeddable":true,"href":"https:\/\/migracao.redenoticia.com.br\/noticia\/wp-json\/wp\/v2\/comments?post=234299"}],"version-history":[{"count":0,"href":"https:\/\/migracao.redenoticia.com.br\/noticia\/wp-json\/wp\/v2\/posts\/234299\/revisions"}],"wp:featuredmedia":[{"embeddable":true,"href":"https:\/\/migracao.redenoticia.com.br\/noticia\/wp-json\/wp\/v2\/media\/230267"}],"wp:attachment":[{"href":"https:\/\/migracao.redenoticia.com.br\/noticia\/wp-json\/wp\/v2\/media?parent=234299"}],"wp:term":[{"taxonomy":"category","embeddable":true,"href":"https:\/\/migracao.redenoticia.com.br\/noticia\/wp-json\/wp\/v2\/categories?post=234299"},{"taxonomy":"post_tag","embeddable":true,"href":"https:\/\/migracao.redenoticia.com.br\/noticia\/wp-json\/wp\/v2\/tags?post=234299"}],"curies":[{"name":"wp","href":"https:\/\/api.w.org\/{rel}","templated":true}]}}