{"id":234368,"date":"2023-07-02T11:46:25","date_gmt":"2023-07-02T14:46:25","guid":{"rendered":"https:\/\/www.redenoticia.com.br\/noticia\/?p=234368"},"modified":"2023-07-02T11:46:21","modified_gmt":"2023-07-02T14:46:21","slug":"resumo-mulheres-apaixonadas-03-07-doris-aconselha-estela-a-procurar-o-padre","status":"publish","type":"post","link":"https:\/\/migracao.redenoticia.com.br\/noticia\/2023\/resumo-mulheres-apaixonadas-03-07-doris-aconselha-estela-a-procurar-o-padre\/234368","title":{"rendered":"Resumo &#8220;Mulheres Apaixonadas&#8221; 03\/07: D\u00f3ris aconselha Estela a procurar o padre"},"content":{"rendered":"<p> <img loading=\"lazy\" decoding=\"async\" src=\"https:\/\/migracao.redenoticia.com.br\/noticia\/imagens\/mulheres-apaixonadas-resumo-vale-a-pena-ver-de-novo.jpg\" alt=\"\" width=\"1280\" height=\"720\" class=\"aligncenter size-full wp-image-233044\" srcset=\"https:\/\/migracao.redenoticia.com.br\/noticia\/imagens\/mulheres-apaixonadas-resumo-vale-a-pena-ver-de-novo.jpg 1280w, https:\/\/migracao.redenoticia.com.br\/noticia\/imagens\/mulheres-apaixonadas-resumo-vale-a-pena-ver-de-novo-250x140.jpg 250w, https:\/\/migracao.redenoticia.com.br\/noticia\/imagens\/mulheres-apaixonadas-resumo-vale-a-pena-ver-de-novo-400x225.jpg 400w, https:\/\/migracao.redenoticia.com.br\/noticia\/imagens\/mulheres-apaixonadas-resumo-vale-a-pena-ver-de-novo-768x432.jpg 768w, https:\/\/migracao.redenoticia.com.br\/noticia\/imagens\/mulheres-apaixonadas-resumo-vale-a-pena-ver-de-novo-150x84.jpg 150w\" sizes=\"auto, (max-width: 1280px) 100vw, 1280px\" \/><\/p>\n<p><em><strong>Resumo da novela &#8220;Mulheres Apaixonadas&#8221;<\/strong><\/em> em 03\/07: no cap\u00edtulo 026(*) da novela, C\u00e9sar abra\u00e7a Laura e pede desculpas pela atitude do filho. Marta fica com raiva, quando Cl\u00e1udio n\u00e3o aceita as suas desculpas. Helena encontra a sua mala vazia e descobre que as roupas de T\u00e9o n\u00e3o est\u00e3o no arm\u00e1rio. Rafael arranja um quarto no hotel para T\u00e9o. Laura tenta entender porque Rodrigo a odeia tanto e jura que seu \u00fanico pecado \u00e9 amar demais C\u00e9sar. Rodrigo nada responde, mas continua com o olhar duro. Marcinha abra\u00e7a Laura e os dois irm\u00e3os se encaram. Estela topa fazer um per\u00edodo de experi\u00eancia com D\u00f3ris, mas pede que nada seja dito a Eug\u00eanio por enquanto. <\/p>\n<p>Alzira pensa em organizar uma quermesse para comprar um carro novo para Padre Pedro. Marina e Diogo trocam carinhos, sob o olhar sem gra\u00e7a de S\u00edlvia. Estela d\u00e1 uma j\u00f3ia de presente para D\u00f3ris, que a aconselha a procurar o padre na igreja, no confession\u00e1rio. Rodrigo vira a cara para a parede, ignorando o pai. Helena explica ao filho que T\u00e9o viajou em seu lugar. D\u00f3ris e Estela chegam na missa matinal. Helo\u00edsa tem uma crise de ci\u00fames porque S\u00e9rgio balbucia, dormindo, o nome Solange. Estela ajoelha-se no confession\u00e1rio, tira o v\u00e9u e seu olhar se cruza com o de Padre Pedro. <\/p>\n<p>(*) edi\u00e7\u00e3o das novelas da Globo, &#8220;Mulheres Apaixonadas&#8221;, sujeito a altera\u00e7\u00e3o de data e conte\u00fado.<\/p>\n<p>Sinopse &#8220;Mulheres Apaixonadas&#8221;: Helena vive um casamento com T\u00e9o e passa a se questionar se \u00e9 feliz. Helena tem duas irm\u00e3s, Hilda e Helo\u00edsa, tamb\u00e9m casadas. Hilda \u00e9 casada com Leandro e Helo\u00edsa \u00e9 casada com S\u00e9rgio, por quem nutre um ci\u00fame doentio. Grandes amigas, as tr\u00eas irm\u00e3s compartilham suas ang\u00fastias e incertezas sobre o futuro e a felicidade. <\/p>\n<p>Helena desconfia de um caso de T\u00e9o com Fernanda, uma ex-garota de programa. Deste relacionamento nasceu Lucas, filho adotivo do casal, fato que Helena desconhece mas que acaba por descobrir depois da morte de Fernanda. Helena reencontra C\u00e9sar, um antigo namorado. C\u00e9sar, que ficou vi\u00favo, est\u00e1 morando na mesma cidade. C\u00e9sar se ressentiu pelo abandono que sofreu por Helena e tornou-se um homem rude. <\/p>\n","protected":false},"excerpt":{"rendered":"<p>Resumo da novela &#8220;Mulheres Apaixonadas&#8221; em 03\/07: no cap\u00edtulo 026(*) da novela, C\u00e9sar abra\u00e7a Laura e pede desculpas pela atitude do filho. Marta fica com raiva, quando Cl\u00e1udio n\u00e3o aceita as suas desculpas. Helena encontra a sua mala vazia e descobre que as roupas de T\u00e9o n\u00e3o est\u00e3o no arm\u00e1rio. Rafael arranja um quarto no [&hellip;]<\/p>\n","protected":false},"author":2,"featured_media":233056,"comment_status":"closed","ping_status":"closed","sticky":false,"template":"","format":"standard","meta":{"tdm_status":"","tdm_grid_status":"","footnotes":""},"categories":[2307,379,375,2025,343],"tags":[441],"class_list":{"0":"post-234368","1":"post","2":"type-post","3":"status-publish","4":"format-standard","5":"has-post-thumbnail","7":"category-mulheres-apaixonadas","8":"category-novelas","9":"category-rede-globo","10":"category-resumo","11":"category-televisao","12":"tag-resumo-do-dia"},"_links":{"self":[{"href":"https:\/\/migracao.redenoticia.com.br\/noticia\/wp-json\/wp\/v2\/posts\/234368","targetHints":{"allow":["GET"]}}],"collection":[{"href":"https:\/\/migracao.redenoticia.com.br\/noticia\/wp-json\/wp\/v2\/posts"}],"about":[{"href":"https:\/\/migracao.redenoticia.com.br\/noticia\/wp-json\/wp\/v2\/types\/post"}],"author":[{"embeddable":true,"href":"https:\/\/migracao.redenoticia.com.br\/noticia\/wp-json\/wp\/v2\/users\/2"}],"replies":[{"embeddable":true,"href":"https:\/\/migracao.redenoticia.com.br\/noticia\/wp-json\/wp\/v2\/comments?post=234368"}],"version-history":[{"count":0,"href":"https:\/\/migracao.redenoticia.com.br\/noticia\/wp-json\/wp\/v2\/posts\/234368\/revisions"}],"wp:featuredmedia":[{"embeddable":true,"href":"https:\/\/migracao.redenoticia.com.br\/noticia\/wp-json\/wp\/v2\/media\/233056"}],"wp:attachment":[{"href":"https:\/\/migracao.redenoticia.com.br\/noticia\/wp-json\/wp\/v2\/media?parent=234368"}],"wp:term":[{"taxonomy":"category","embeddable":true,"href":"https:\/\/migracao.redenoticia.com.br\/noticia\/wp-json\/wp\/v2\/categories?post=234368"},{"taxonomy":"post_tag","embeddable":true,"href":"https:\/\/migracao.redenoticia.com.br\/noticia\/wp-json\/wp\/v2\/tags?post=234368"}],"curies":[{"name":"wp","href":"https:\/\/api.w.org\/{rel}","templated":true}]}}