{"id":234419,"date":"2023-07-02T11:48:34","date_gmt":"2023-07-02T14:48:34","guid":{"rendered":"https:\/\/www.redenoticia.com.br\/noticia\/?p=234419"},"modified":"2023-07-02T11:48:34","modified_gmt":"2023-07-02T14:48:34","slug":"resumo-a-infancia-de-romeu-e-julieta-03-07-cranio-avista-novos-adesivos-do-rollezera","status":"publish","type":"post","link":"https:\/\/migracao.redenoticia.com.br\/noticia\/2023\/resumo-a-infancia-de-romeu-e-julieta-03-07-cranio-avista-novos-adesivos-do-rollezera\/234419","title":{"rendered":"Resumo \u201cA Inf\u00e2ncia de Romeu e Julieta\u201d 03\/07: Cr\u00e2nio avista novos adesivos do Rollezera"},"content":{"rendered":"<p> <img loading=\"lazy\" decoding=\"async\" src=\"https:\/\/migracao.redenoticia.com.br\/noticia\/imagens\/novela-romeu-e-julieta-sbt-elenco-resumo.jpg\" alt=\"\" width=\"1280\" height=\"720\" class=\"aligncenter size-full wp-image-232242\" srcset=\"https:\/\/migracao.redenoticia.com.br\/noticia\/imagens\/novela-romeu-e-julieta-sbt-elenco-resumo.jpg 1280w, https:\/\/migracao.redenoticia.com.br\/noticia\/imagens\/novela-romeu-e-julieta-sbt-elenco-resumo-250x140.jpg 250w, https:\/\/migracao.redenoticia.com.br\/noticia\/imagens\/novela-romeu-e-julieta-sbt-elenco-resumo-400x225.jpg 400w, https:\/\/migracao.redenoticia.com.br\/noticia\/imagens\/novela-romeu-e-julieta-sbt-elenco-resumo-768x432.jpg 768w, https:\/\/migracao.redenoticia.com.br\/noticia\/imagens\/novela-romeu-e-julieta-sbt-elenco-resumo-150x84.jpg 150w\" sizes=\"auto, (max-width: 1280px) 100vw, 1280px\" \/><\/p>\n<p><strong><em>Resumo da novela \u201cA Inf\u00e2ncia de Romeu e Julieta\u201d<\/em><\/strong> em 03\/07: no cap\u00edtulo 041(*) da novela, em conversa com Leandro, Bernardo fala que n\u00e3o quer voltar para a Monter Holding, mas que deseja estar \u00e0 frente do \u201cInstituto Casa de Castanheiras\u201d, nome do centro cultural que ser\u00e1 criado na antiga propriedade de Telma; Leandro aceita a proposta do filho. Dimitri revela a Nando que faz parte da gangue Pedalzera, que inclusive \u00e9 l\u00edder do grupo. Nando acredita que encontrou um novo estilo ap\u00f3s Glaucia comprar novas roupas para ele. No hall do Residencial Verona, Telma pergunta para Ian e Alex sobre os pais dos meninos; eles respondem que o pai trabalha muito e quase nunca se encontram com ele. <\/p>\n<p>Uma caixa de encomenda chega no Armaz\u00e9m, diversos caf\u00e9s est\u00e3o no pacote. Vitor diz para Mariana e Amanda que as embalagens de caf\u00e9 s\u00e3o da concorr\u00eancia, Monter Mercado. Leandro pergunta para Enzo como est\u00e1 a imagem dele em rela\u00e7\u00e3o aos moradores do Lado Vila e se H\u00e9lio comentou algo; Enzo declara que os moradores est\u00e3o felizes e que H\u00e9lio ficou surpreso. Mariana e Amanda v\u00e3o at\u00e9 o mercado vizinho para devolver a encomenda \u00e0 Vera e Glaucia. Um grande atrito acontece: os propriet\u00e1rios dos dois mercados comparam qual tem o melhor caf\u00e9 da regi\u00e3o. Vera afirma que faltam embalagens do produto e que as rivais roubaram; Mariana declara que Vera faz acusa\u00e7\u00f5es falsas novamente. <\/p>\n<p>Cr\u00e2nio avista novos adesivos do Rollezera e avisa o grupo Pedalzera; Trapa\u00e7a diz que quando era l\u00edder n\u00e3o existiam outras gangues. No CEC, Romeu e Julieta se encontram atr\u00e1s da arquibancada e os alunos restantes entram em quadra para treinar. Obstru\u00eddos, Romeu e Julieta n\u00e3o conseguem sair do local sem serem vistos. Crian\u00e7as do Lado Torre e do Lado Vila perguntam de Romeu e Julieta respectivamente entre eles. Bass\u00e2nio pede desculpa \u00e0 P\u00f3rcia por ter se afastado; ele diz que foi ingrato e que P\u00f3rcia o faz muito feliz. Sem op\u00e7\u00e3o, Romeu manda mensagem a Karen para ajudar a sair da arquibancada sem ser visto com Julieta.<\/p>\n<p>(*) edi\u00e7\u00e3o das novelas do SBT, \u201cA Inf\u00e2ncia de Romeu e Julieta\u201d, sujeito a altera\u00e7\u00e3o de data e conte\u00fado.<\/p>\n<p>Sinopse \u201cA Inf\u00e2ncia de Romeu e Julieta\u201d: A Trama se passa no bairro chamado castanheiras, em que duas fam\u00edlias com propostas diferentes para esse bairro vivem em disc\u00f3rdia, sendo divididas entre os lados Torre (Campos) e Vila (Monteiro).[6] Entretanto, Romeu (Miguel \u00c2ngelo) e Julieta (Vitt\u00f3ria Seixas) se conhecem, da\u00ed em diante, as fam\u00edlias rivais t\u00eam uma nova oportunidade de trazer paz e uni\u00e3o entre o conv\u00edvio deles. <\/p>\n<p>Romeu e Julieta n\u00e3o sabem como v\u00e3o fazer para ficarem juntos. A not\u00edcia do romance chega \u00e0s fam\u00edlias, que n\u00e3o gostam nada da hist\u00f3ria e tratam de afasta-los imediatamente, aprontando v\u00e1rias situa\u00e7\u00f5es. Romeu e Julieta querem acabar com essa hostilidade e tentam ir atr\u00e1s de uma solu\u00e7\u00e3o, mas ao descobrirem mais sobre a hist\u00f3ria de seus pais, percebem que pode ser imposs\u00edvel.<\/p>\n","protected":false},"excerpt":{"rendered":"<p>Resumo da novela \u201cA Inf\u00e2ncia de Romeu e Julieta\u201d em 03\/07: no cap\u00edtulo 041(*) da novela, em conversa com Leandro, Bernardo fala que n\u00e3o quer voltar para a Monter Holding, mas que deseja estar \u00e0 frente do \u201cInstituto Casa de Castanheiras\u201d, nome do centro cultural que ser\u00e1 criado na antiga propriedade de Telma; Leandro aceita [&hellip;]<\/p>\n","protected":false},"author":3,"featured_media":232241,"comment_status":"closed","ping_status":"closed","sticky":false,"template":"","format":"standard","meta":{"tdm_status":"","tdm_grid_status":"","footnotes":""},"categories":[2306,379,2025,372,343],"tags":[441],"class_list":{"0":"post-234419","1":"post","2":"type-post","3":"status-publish","4":"format-standard","5":"has-post-thumbnail","7":"category-novela-romeu-e-julieta","8":"category-novelas","9":"category-resumo","10":"category-sbt","11":"category-televisao","12":"tag-resumo-do-dia"},"_links":{"self":[{"href":"https:\/\/migracao.redenoticia.com.br\/noticia\/wp-json\/wp\/v2\/posts\/234419","targetHints":{"allow":["GET"]}}],"collection":[{"href":"https:\/\/migracao.redenoticia.com.br\/noticia\/wp-json\/wp\/v2\/posts"}],"about":[{"href":"https:\/\/migracao.redenoticia.com.br\/noticia\/wp-json\/wp\/v2\/types\/post"}],"author":[{"embeddable":true,"href":"https:\/\/migracao.redenoticia.com.br\/noticia\/wp-json\/wp\/v2\/users\/3"}],"replies":[{"embeddable":true,"href":"https:\/\/migracao.redenoticia.com.br\/noticia\/wp-json\/wp\/v2\/comments?post=234419"}],"version-history":[{"count":0,"href":"https:\/\/migracao.redenoticia.com.br\/noticia\/wp-json\/wp\/v2\/posts\/234419\/revisions"}],"wp:featuredmedia":[{"embeddable":true,"href":"https:\/\/migracao.redenoticia.com.br\/noticia\/wp-json\/wp\/v2\/media\/232241"}],"wp:attachment":[{"href":"https:\/\/migracao.redenoticia.com.br\/noticia\/wp-json\/wp\/v2\/media?parent=234419"}],"wp:term":[{"taxonomy":"category","embeddable":true,"href":"https:\/\/migracao.redenoticia.com.br\/noticia\/wp-json\/wp\/v2\/categories?post=234419"},{"taxonomy":"post_tag","embeddable":true,"href":"https:\/\/migracao.redenoticia.com.br\/noticia\/wp-json\/wp\/v2\/tags?post=234419"}],"curies":[{"name":"wp","href":"https:\/\/api.w.org\/{rel}","templated":true}]}}