{"id":234468,"date":"2023-07-04T11:20:21","date_gmt":"2023-07-04T14:20:21","guid":{"rendered":"https:\/\/www.redenoticia.com.br\/noticia\/?p=234468"},"modified":"2023-07-04T11:20:21","modified_gmt":"2023-07-04T14:20:21","slug":"resumo-a-infancia-de-romeu-e-julieta-05-07-rosalina-conta-a-verdade-a-vera","status":"publish","type":"post","link":"https:\/\/migracao.redenoticia.com.br\/noticia\/2023\/resumo-a-infancia-de-romeu-e-julieta-05-07-rosalina-conta-a-verdade-a-vera\/234468","title":{"rendered":"Resumo \u201cA Inf\u00e2ncia de Romeu e Julieta\u201d 05\/07: Rosalina conta a verdade a Vera"},"content":{"rendered":"<p> <img loading=\"lazy\" decoding=\"async\" src=\"https:\/\/migracao.redenoticia.com.br\/noticia\/imagens\/novela-romeu-e-julieta-sbt-elenco-resumo.jpg\" alt=\"\" width=\"1280\" height=\"720\" class=\"aligncenter size-full wp-image-232242\" srcset=\"https:\/\/migracao.redenoticia.com.br\/noticia\/imagens\/novela-romeu-e-julieta-sbt-elenco-resumo.jpg 1280w, https:\/\/migracao.redenoticia.com.br\/noticia\/imagens\/novela-romeu-e-julieta-sbt-elenco-resumo-250x140.jpg 250w, https:\/\/migracao.redenoticia.com.br\/noticia\/imagens\/novela-romeu-e-julieta-sbt-elenco-resumo-400x225.jpg 400w, https:\/\/migracao.redenoticia.com.br\/noticia\/imagens\/novela-romeu-e-julieta-sbt-elenco-resumo-768x432.jpg 768w, https:\/\/migracao.redenoticia.com.br\/noticia\/imagens\/novela-romeu-e-julieta-sbt-elenco-resumo-150x84.jpg 150w\" sizes=\"auto, (max-width: 1280px) 100vw, 1280px\" \/><\/p>\n<p><strong><em>Resumo da novela \u201cA Inf\u00e2ncia de Romeu e Julieta\u201d<\/em><\/strong> em 05\/07: no cap\u00edtulo 043(*) da novela, Fausto encontra com Glaucia na portaria e exp\u00f5e que Bernardo est\u00e1 fazendo um jantar na casa dele e que ela n\u00e3o foi convidada. A influenciadora Giovanna Chaves marca presen\u00e7a na inaugura\u00e7\u00e3o da nova loja do Boulevard Verona. Alex, Nando e Karen encontram L\u00edvia e Julieta na fila para tirar foto com Giovanna Chaves. Na casa de T\u00e9o, Patrick e o amigo conversam sobre as suspeitas de R\u00f4mulo (Romeu); T\u00e9o e Patrick resolvem procurar na internet mais informa\u00e7\u00f5es de Leandro Monteiro. <\/p>\n<p>Glaucia chega com Dimitiri e Fred no apartamento de Bernardo para o encontro que n\u00e3o foram chamados. Rosalina afirma a Romeu que depois da reuni\u00e3o familiar ela deseja ir ao evento da nova loja; Romeu declara que ser\u00e1 imposs\u00edvel, j\u00e1 que seria chato sair no meio do jantar. As crian\u00e7as do Lado Vila e Lado Torre discutem no meio da fila e perdem a oportunidade de tirar foto com Giovanna Chaves. Patrick e T\u00e9o descobrem que R\u00f4mulo na verdade \u00e9 Romeu Monteiro.<\/p>\n<p>No quarto do Romeu, Rosalina diz ao garoto que n\u00e3o aguenta mais os parentes dele e fingir que eles namoram; Romeu n\u00e3o disfar\u00e7a alegria. Rosalina e Romeu arquitetam briga na frente da fam\u00edlia Monteiro e anunciam o t\u00e9rmino. Amanda percebe que Vitor n\u00e3o pagou as contas do Armaz\u00e9m nos \u00faltimos meses. Mais tarde, Alex, L\u00edvia, Karen, Julieta e Romeu ficam presos no elevador. No hall, Vera conversa com Rosalina, que fala que ela e o filho s\u00e3o muito novos para namorar e que em breve a amizade continua. Rosalina resolve contar toda a verdade a Vera; ela explica que o namoro foi tudo inven\u00e7\u00e3o e que Romeu esconde alguma coisa dela. Mal acostumada com o elevador, Julieta desmaia no ve\u00edculo.<\/p>\n<p>Fausto n\u00e3o atende o interfone e as crian\u00e7as ficam desesperadas. O elevador \u00e9 consertado e os meninos s\u00e3o salvos. No quarto, a s\u00f3s, Karen manda Julieta se afastar de Romeu, porque ela pode prejudicar a vida dele. Romeu volta para casa e tem uma conversa s\u00e9ria com os pais; Bernardo e Vera declaram saber do namoro falso entre ele e Rosalina.<\/p>\n<p>(*) edi\u00e7\u00e3o das novelas do SBT, \u201cA Inf\u00e2ncia de Romeu e Julieta\u201d, sujeito a altera\u00e7\u00e3o de data e conte\u00fado.<\/p>\n<p>Sinopse \u201cA Inf\u00e2ncia de Romeu e Julieta\u201d: A Trama se passa no bairro chamado castanheiras, em que duas fam\u00edlias com propostas diferentes para esse bairro vivem em disc\u00f3rdia, sendo divididas entre os lados Torre (Campos) e Vila (Monteiro).[6] Entretanto, Romeu (Miguel \u00c2ngelo) e Julieta (Vitt\u00f3ria Seixas) se conhecem, da\u00ed em diante, as fam\u00edlias rivais t\u00eam uma nova oportunidade de trazer paz e uni\u00e3o entre o conv\u00edvio deles. <\/p>\n<p>Romeu e Julieta n\u00e3o sabem como v\u00e3o fazer para ficarem juntos. A not\u00edcia do romance chega \u00e0s fam\u00edlias, que n\u00e3o gostam nada da hist\u00f3ria e tratam de afasta-los imediatamente, aprontando v\u00e1rias situa\u00e7\u00f5es. Romeu e Julieta querem acabar com essa hostilidade e tentam ir atr\u00e1s de uma solu\u00e7\u00e3o, mas ao descobrirem mais sobre a hist\u00f3ria de seus pais, percebem que pode ser imposs\u00edvel.<\/p>\n","protected":false},"excerpt":{"rendered":"<p>Resumo da novela \u201cA Inf\u00e2ncia de Romeu e Julieta\u201d em 05\/07: no cap\u00edtulo 043(*) da novela, Fausto encontra com Glaucia na portaria e exp\u00f5e que Bernardo est\u00e1 fazendo um jantar na casa dele e que ela n\u00e3o foi convidada. A influenciadora Giovanna Chaves marca presen\u00e7a na inaugura\u00e7\u00e3o da nova loja do Boulevard Verona. Alex, Nando [&hellip;]<\/p>\n","protected":false},"author":3,"featured_media":232241,"comment_status":"closed","ping_status":"closed","sticky":false,"template":"","format":"standard","meta":{"tdm_status":"","tdm_grid_status":"","footnotes":""},"categories":[2306,379,2025,372,343],"tags":[441],"class_list":{"0":"post-234468","1":"post","2":"type-post","3":"status-publish","4":"format-standard","5":"has-post-thumbnail","7":"category-novela-romeu-e-julieta","8":"category-novelas","9":"category-resumo","10":"category-sbt","11":"category-televisao","12":"tag-resumo-do-dia"},"_links":{"self":[{"href":"https:\/\/migracao.redenoticia.com.br\/noticia\/wp-json\/wp\/v2\/posts\/234468","targetHints":{"allow":["GET"]}}],"collection":[{"href":"https:\/\/migracao.redenoticia.com.br\/noticia\/wp-json\/wp\/v2\/posts"}],"about":[{"href":"https:\/\/migracao.redenoticia.com.br\/noticia\/wp-json\/wp\/v2\/types\/post"}],"author":[{"embeddable":true,"href":"https:\/\/migracao.redenoticia.com.br\/noticia\/wp-json\/wp\/v2\/users\/3"}],"replies":[{"embeddable":true,"href":"https:\/\/migracao.redenoticia.com.br\/noticia\/wp-json\/wp\/v2\/comments?post=234468"}],"version-history":[{"count":0,"href":"https:\/\/migracao.redenoticia.com.br\/noticia\/wp-json\/wp\/v2\/posts\/234468\/revisions"}],"wp:featuredmedia":[{"embeddable":true,"href":"https:\/\/migracao.redenoticia.com.br\/noticia\/wp-json\/wp\/v2\/media\/232241"}],"wp:attachment":[{"href":"https:\/\/migracao.redenoticia.com.br\/noticia\/wp-json\/wp\/v2\/media?parent=234468"}],"wp:term":[{"taxonomy":"category","embeddable":true,"href":"https:\/\/migracao.redenoticia.com.br\/noticia\/wp-json\/wp\/v2\/categories?post=234468"},{"taxonomy":"post_tag","embeddable":true,"href":"https:\/\/migracao.redenoticia.com.br\/noticia\/wp-json\/wp\/v2\/tags?post=234468"}],"curies":[{"name":"wp","href":"https:\/\/api.w.org\/{rel}","templated":true}]}}