{"id":234469,"date":"2023-07-04T11:19:31","date_gmt":"2023-07-04T14:19:31","guid":{"rendered":"https:\/\/www.redenoticia.com.br\/noticia\/?p=234469"},"modified":"2023-07-04T11:19:31","modified_gmt":"2023-07-04T14:19:31","slug":"resumo-um-refugio-para-o-amor-05-07-roselena-aceita-luciana-como-empregada","status":"publish","type":"post","link":"https:\/\/migracao.redenoticia.com.br\/noticia\/2023\/resumo-um-refugio-para-o-amor-05-07-roselena-aceita-luciana-como-empregada\/234469","title":{"rendered":"Resumo \u201cUm Ref\u00fagio para o Amor\u201d 05\/07: Roselena aceita Luciana como empregada"},"content":{"rendered":"<p> <img loading=\"lazy\" decoding=\"async\" src=\"https:\/\/migracao.redenoticia.com.br\/noticia\/imagens\/um-refugio-para-o-amor-novela-resumo-sbt.jpg.jpg\" alt=\"\" width=\"1280\" height=\"720\" class=\"aligncenter size-full wp-image-233922\" srcset=\"https:\/\/migracao.redenoticia.com.br\/noticia\/imagens\/um-refugio-para-o-amor-novela-resumo-sbt.jpg.jpg 1280w, https:\/\/migracao.redenoticia.com.br\/noticia\/imagens\/um-refugio-para-o-amor-novela-resumo-sbt.jpg-250x140.jpg 250w, https:\/\/migracao.redenoticia.com.br\/noticia\/imagens\/um-refugio-para-o-amor-novela-resumo-sbt.jpg-400x225.jpg 400w, https:\/\/migracao.redenoticia.com.br\/noticia\/imagens\/um-refugio-para-o-amor-novela-resumo-sbt.jpg-768x432.jpg 768w, https:\/\/migracao.redenoticia.com.br\/noticia\/imagens\/um-refugio-para-o-amor-novela-resumo-sbt.jpg-150x84.jpg 150w\" sizes=\"auto, (max-width: 1280px) 100vw, 1280px\" \/> <\/p>\n<p><strong><em>Resumo da novela \u201cUm Ref\u00fagio para o Amor\u201d<\/em><\/strong> em 05\/07: no cap\u00edtulo 008(*) da novela, Patr\u00edcio pergunta a Rodrigo quem lhe bateu. Rodrigo vai at\u00e9 ao bar perguntar por Luciana. Esta diz a Violeta que n\u00e3o pensa regressar ao bar. Gala pergunta a Rodrigo se quer mesmo casar-se com ela e d\u00e1 a entender que quer um anel de noivado. Roselena fica furiosa ao ver Luciana na sua casa, mas Jana explica-lhe que foi ela quem lhe pediu que a ajudasse com uns livros. Jana pergunta a Rodrigo se est\u00e1 realmente apaixonado por Gala e confessa que acha que ela n\u00e3o \u00e9 a mulher ideal para ele. Roselena decide aceitar Luciana como a pessoa respons\u00e1vel por cuidar de Rodrigo. Patr\u00edcio n\u00e3o quer aceitar ningu\u00e9m que n\u00e3o seja Matilde. Luciana leva um casaco ao patr\u00e3o e fica muito surpreendida ao perceber que se trata de Rodrigo.<\/p>\n<p>Br\u00edgida diz a Luciana que percebeu que ela ficou impressionada com Rodrigo, mas que ele nunca ir\u00e1 ter olhos para ela e n\u00e3o gosta de gente metedi\u00e7a. Matilde aconselha Luciana a n\u00e3o ligar a Br\u00edgida. Paz recebe um vale, a mando de Aquiles, para que trate da sua m\u00e3o. Aquiles comenta que o fez para que pare\u00e7a que se preocupa com a fam\u00edlia de Luciana. Luciana comenta com Matilde que Roselena parece boa pessoa, mas ao mesmo tempo \u00e9 muito dura. Luciana leva o pequeno-almo\u00e7o a Patr\u00edcio e este, ao reconhec\u00ea-la, fica muito feliz. Rodrigo chega a casa para a sua festa de noivado e reconhece Luciana. Rodrigo e Patr\u00edcia est\u00e3o encantados com ela. O dono do bar decide arranjar uma forma para que prendam Luciana. Rodrigo v\u00ea Gala a falar mal com Luciana e defende-a. Rodrigo e Luciana encontram-se mais tarde e acaba por beij\u00e1-la.<\/p>\n<p>(*) edi\u00e7\u00e3o das novelas do SBT, \u201cUm Ref\u00fagio para o Amor\u201d, sujeito a altera\u00e7\u00e3o de data e conte\u00fado.<\/p>\n<p>Sinopse \u201cUm Ref\u00fagio para o Amor\u201d: Uma hist\u00f3ria de amor entre uma jovem linda, humilde, simples e trabalhadora que gera admira\u00e7\u00e3o entre os homens e inveja entre as mulheres, e que \u00e9 obrigada a fugir de sua cidade, para a capital, encontrando o amor em um homem rico, bonito, de classe, arrogante, amante de esportes radicais e com fama de conquistador, mas que \u00e9 generoso e atencioso. Eles ter\u00e3o que passar por muitas dificuldades para ficarem juntos.<\/p>\n<p>Estrelado por Zuria Vega e Gabriel Soto com um elenco de primeira classe, incluindo Jessica Coch, Roberto Bland\u00f3n, Laura Flores, Jos\u00e9 Carlos Ruiz, entre outros. Um ref\u00fagio para o amor \u00e9 uma novela mexicana produzida por Ignacio Sada Madero, originalmente por Delia Fiallo e adaptada por Georgina Tinoco.<\/p>\n","protected":false},"excerpt":{"rendered":"<p>Resumo da novela \u201cUm Ref\u00fagio para o Amor\u201d em 05\/07: no cap\u00edtulo 008(*) da novela, Patr\u00edcio pergunta a Rodrigo quem lhe bateu. Rodrigo vai at\u00e9 ao bar perguntar por Luciana. Esta diz a Violeta que n\u00e3o pensa regressar ao bar. Gala pergunta a Rodrigo se quer mesmo casar-se com ela e d\u00e1 a entender que [&hellip;]<\/p>\n","protected":false},"author":5,"featured_media":233921,"comment_status":"closed","ping_status":"closed","sticky":false,"template":"","format":"standard","meta":{"tdm_status":"","tdm_grid_status":"","footnotes":""},"categories":[379,2025,372,343,2310],"tags":[441],"class_list":{"0":"post-234469","1":"post","2":"type-post","3":"status-publish","4":"format-standard","5":"has-post-thumbnail","7":"category-novelas","8":"category-resumo","9":"category-sbt","10":"category-televisao","11":"category-um-refugio-para-o-amor","12":"tag-resumo-do-dia"},"_links":{"self":[{"href":"https:\/\/migracao.redenoticia.com.br\/noticia\/wp-json\/wp\/v2\/posts\/234469","targetHints":{"allow":["GET"]}}],"collection":[{"href":"https:\/\/migracao.redenoticia.com.br\/noticia\/wp-json\/wp\/v2\/posts"}],"about":[{"href":"https:\/\/migracao.redenoticia.com.br\/noticia\/wp-json\/wp\/v2\/types\/post"}],"author":[{"embeddable":true,"href":"https:\/\/migracao.redenoticia.com.br\/noticia\/wp-json\/wp\/v2\/users\/5"}],"replies":[{"embeddable":true,"href":"https:\/\/migracao.redenoticia.com.br\/noticia\/wp-json\/wp\/v2\/comments?post=234469"}],"version-history":[{"count":0,"href":"https:\/\/migracao.redenoticia.com.br\/noticia\/wp-json\/wp\/v2\/posts\/234469\/revisions"}],"wp:featuredmedia":[{"embeddable":true,"href":"https:\/\/migracao.redenoticia.com.br\/noticia\/wp-json\/wp\/v2\/media\/233921"}],"wp:attachment":[{"href":"https:\/\/migracao.redenoticia.com.br\/noticia\/wp-json\/wp\/v2\/media?parent=234469"}],"wp:term":[{"taxonomy":"category","embeddable":true,"href":"https:\/\/migracao.redenoticia.com.br\/noticia\/wp-json\/wp\/v2\/categories?post=234469"},{"taxonomy":"post_tag","embeddable":true,"href":"https:\/\/migracao.redenoticia.com.br\/noticia\/wp-json\/wp\/v2\/tags?post=234469"}],"curies":[{"name":"wp","href":"https:\/\/api.w.org\/{rel}","templated":true}]}}