{"id":234507,"date":"2023-07-05T17:39:21","date_gmt":"2023-07-05T20:39:21","guid":{"rendered":"https:\/\/www.redenoticia.com.br\/noticia\/?p=234507"},"modified":"2023-07-05T17:39:21","modified_gmt":"2023-07-05T20:39:21","slug":"resumo-um-refugio-para-o-amor-06-07-rodrigo-beija-luciana","status":"publish","type":"post","link":"https:\/\/migracao.redenoticia.com.br\/noticia\/2023\/resumo-um-refugio-para-o-amor-06-07-rodrigo-beija-luciana\/234507","title":{"rendered":"Resumo \u201cUm Ref\u00fagio para o Amor\u201d 06\/07: Rodrigo beija Luciana"},"content":{"rendered":"<p> <img loading=\"lazy\" decoding=\"async\" src=\"https:\/\/migracao.redenoticia.com.br\/noticia\/imagens\/um-refugio-para-o-amor-novela-resumo-sbt.jpg.jpg\" alt=\"\" width=\"1280\" height=\"720\" class=\"aligncenter size-full wp-image-233922\" srcset=\"https:\/\/migracao.redenoticia.com.br\/noticia\/imagens\/um-refugio-para-o-amor-novela-resumo-sbt.jpg.jpg 1280w, https:\/\/migracao.redenoticia.com.br\/noticia\/imagens\/um-refugio-para-o-amor-novela-resumo-sbt.jpg-250x140.jpg 250w, https:\/\/migracao.redenoticia.com.br\/noticia\/imagens\/um-refugio-para-o-amor-novela-resumo-sbt.jpg-400x225.jpg 400w, https:\/\/migracao.redenoticia.com.br\/noticia\/imagens\/um-refugio-para-o-amor-novela-resumo-sbt.jpg-768x432.jpg 768w, https:\/\/migracao.redenoticia.com.br\/noticia\/imagens\/um-refugio-para-o-amor-novela-resumo-sbt.jpg-150x84.jpg 150w\" sizes=\"auto, (max-width: 1280px) 100vw, 1280px\" \/> <\/p>\n<p><strong><em>Resumo da novela \u201cUm Ref\u00fagio para o Amor\u201d<\/em><\/strong> em 06\/07: no cap\u00edtulo 009(*) da novela, Br\u00edgida diz a Luciana que percebeu que ela ficou impressionada com Rodrigo, mas que ele nunca ir\u00e1 ter olhos para ela e n\u00e3o gosta de gente metedi\u00e7a. Matilde aconselha Luciana a n\u00e3o ligar a Br\u00edgida. Paz recebe um vale, a mando de Aquiles, para que trate da sua m\u00e3o. Aquiles comenta que o fez para que pare\u00e7a que se preocupa com a fam\u00edlia de Luciana. Luciana comenta com Matilde que Roselena parece boa pessoa, mas ao mesmo tempo \u00e9 muito dura. Luciana leva o pequeno-almo\u00e7o a Patr\u00edcio e este, ao reconhec\u00ea-la, fica muito feliz. Rodrigo chega a casa para a sua festa de noivado e reconhece Luciana. Rodrigo e Patr\u00edcia est\u00e3o encantados com ela. O dono do bar decide arranjar uma forma para que prendam Luciana. Rodrigo v\u00ea Gala a falar mal com Luciana e defende-a. Rodrigo e Luciana encontram-se mais tarde e acaba por beij\u00e1-la.<\/p>\n<p>Luciana d\u00e1 uma bofetada a Rodrigo. Este anuncia oficialmente o seu noivado com Gala e oferece-lhe um anel. Lastra oferece dinheiro a Violeta para que ela lhe conte onde est\u00e1 Luciana. Rodrigo pergunta a Luciana se n\u00e3o o vai felicitar pelo noivado. Ela abra\u00e7a-o e, neste momento, chega Gala que fica furiosa. Aquiles quer falar com Paz sobre a casa e as terras. Jana comenta com Rodrigo que Luciana lhe parece ser boa pessoa. Rodrigo fala por telefone com Luciana dizendo-lhe que pensou nela toda a noite e pede desculpa pelo que lhe fez. Br\u00edgida ouve tudo.<\/p>\n<p>(*) edi\u00e7\u00e3o das novelas do SBT, \u201cUm Ref\u00fagio para o Amor\u201d, sujeito a altera\u00e7\u00e3o de data e conte\u00fado.<\/p>\n<p>Sinopse \u201cUm Ref\u00fagio para o Amor\u201d: Uma hist\u00f3ria de amor entre uma jovem linda, humilde, simples e trabalhadora que gera admira\u00e7\u00e3o entre os homens e inveja entre as mulheres, e que \u00e9 obrigada a fugir de sua cidade, para a capital, encontrando o amor em um homem rico, bonito, de classe, arrogante, amante de esportes radicais e com fama de conquistador, mas que \u00e9 generoso e atencioso. Eles ter\u00e3o que passar por muitas dificuldades para ficarem juntos.<\/p>\n<p>Estrelado por Zuria Vega e Gabriel Soto com um elenco de primeira classe, incluindo Jessica Coch, Roberto Bland\u00f3n, Laura Flores, Jos\u00e9 Carlos Ruiz, entre outros. Um ref\u00fagio para o amor \u00e9 uma novela mexicana produzida por Ignacio Sada Madero, originalmente por Delia Fiallo e adaptada por Georgina Tinoco.<\/p>\n","protected":false},"excerpt":{"rendered":"<p>Resumo da novela \u201cUm Ref\u00fagio para o Amor\u201d em 06\/07: no cap\u00edtulo 009(*) da novela, Br\u00edgida diz a Luciana que percebeu que ela ficou impressionada com Rodrigo, mas que ele nunca ir\u00e1 ter olhos para ela e n\u00e3o gosta de gente metedi\u00e7a. Matilde aconselha Luciana a n\u00e3o ligar a Br\u00edgida. Paz recebe um vale, a [&hellip;]<\/p>\n","protected":false},"author":5,"featured_media":233921,"comment_status":"closed","ping_status":"closed","sticky":false,"template":"","format":"standard","meta":{"tdm_status":"","tdm_grid_status":"","footnotes":""},"categories":[379,2025,372,343,2310],"tags":[441],"class_list":{"0":"post-234507","1":"post","2":"type-post","3":"status-publish","4":"format-standard","5":"has-post-thumbnail","7":"category-novelas","8":"category-resumo","9":"category-sbt","10":"category-televisao","11":"category-um-refugio-para-o-amor","12":"tag-resumo-do-dia"},"_links":{"self":[{"href":"https:\/\/migracao.redenoticia.com.br\/noticia\/wp-json\/wp\/v2\/posts\/234507","targetHints":{"allow":["GET"]}}],"collection":[{"href":"https:\/\/migracao.redenoticia.com.br\/noticia\/wp-json\/wp\/v2\/posts"}],"about":[{"href":"https:\/\/migracao.redenoticia.com.br\/noticia\/wp-json\/wp\/v2\/types\/post"}],"author":[{"embeddable":true,"href":"https:\/\/migracao.redenoticia.com.br\/noticia\/wp-json\/wp\/v2\/users\/5"}],"replies":[{"embeddable":true,"href":"https:\/\/migracao.redenoticia.com.br\/noticia\/wp-json\/wp\/v2\/comments?post=234507"}],"version-history":[{"count":0,"href":"https:\/\/migracao.redenoticia.com.br\/noticia\/wp-json\/wp\/v2\/posts\/234507\/revisions"}],"wp:featuredmedia":[{"embeddable":true,"href":"https:\/\/migracao.redenoticia.com.br\/noticia\/wp-json\/wp\/v2\/media\/233921"}],"wp:attachment":[{"href":"https:\/\/migracao.redenoticia.com.br\/noticia\/wp-json\/wp\/v2\/media?parent=234507"}],"wp:term":[{"taxonomy":"category","embeddable":true,"href":"https:\/\/migracao.redenoticia.com.br\/noticia\/wp-json\/wp\/v2\/categories?post=234507"},{"taxonomy":"post_tag","embeddable":true,"href":"https:\/\/migracao.redenoticia.com.br\/noticia\/wp-json\/wp\/v2\/tags?post=234507"}],"curies":[{"name":"wp","href":"https:\/\/api.w.org\/{rel}","templated":true}]}}