{"id":234556,"date":"2023-07-06T14:48:40","date_gmt":"2023-07-06T17:48:40","guid":{"rendered":"https:\/\/www.redenoticia.com.br\/noticia\/?p=234556"},"modified":"2023-07-06T14:48:40","modified_gmt":"2023-07-06T17:48:40","slug":"resumo-mulheres-apaixonadas-07-07-lorena-assume-relacionamento-com-expedito","status":"publish","type":"post","link":"https:\/\/migracao.redenoticia.com.br\/noticia\/2023\/resumo-mulheres-apaixonadas-07-07-lorena-assume-relacionamento-com-expedito\/234556","title":{"rendered":"Resumo &#8220;Mulheres Apaixonadas&#8221; 07\/07: Lorena assume relacionamento com Expedito"},"content":{"rendered":"<p> <img loading=\"lazy\" decoding=\"async\" src=\"https:\/\/migracao.redenoticia.com.br\/noticia\/imagens\/mulheres-apaixonadas-resumo-vale-a-pena-ver-de-novo.jpg\" alt=\"\" width=\"1280\" height=\"720\" class=\"aligncenter size-full wp-image-233044\" srcset=\"https:\/\/migracao.redenoticia.com.br\/noticia\/imagens\/mulheres-apaixonadas-resumo-vale-a-pena-ver-de-novo.jpg 1280w, https:\/\/migracao.redenoticia.com.br\/noticia\/imagens\/mulheres-apaixonadas-resumo-vale-a-pena-ver-de-novo-250x140.jpg 250w, https:\/\/migracao.redenoticia.com.br\/noticia\/imagens\/mulheres-apaixonadas-resumo-vale-a-pena-ver-de-novo-400x225.jpg 400w, https:\/\/migracao.redenoticia.com.br\/noticia\/imagens\/mulheres-apaixonadas-resumo-vale-a-pena-ver-de-novo-768x432.jpg 768w, https:\/\/migracao.redenoticia.com.br\/noticia\/imagens\/mulheres-apaixonadas-resumo-vale-a-pena-ver-de-novo-150x84.jpg 150w\" sizes=\"auto, (max-width: 1280px) 100vw, 1280px\" \/><\/p>\n<p><em><strong>Resumo da novela &#8220;Mulheres Apaixonadas&#8221;<\/strong><\/em> em 07\/07: no cap\u00edtulo 030(*) da novela, T\u00e9o e Helena conversam. Ela garante que a separa\u00e7\u00e3o \u00e9 realmente a melhor solu\u00e7\u00e3o para os dois. T\u00e9o deixa claro que o casamento deles foi muito bom. Wilma aconselha Fernanda a investir em T\u00e9o. Helo\u00edsa garante a S\u00e9rgio que vai mudar e voltar a fazer gin\u00e1stica. Ele rebate que ela est\u00e1 precisando cuidar da cabe\u00e7a. Flora anima Leopoldo, que teme estar se tornando um fardo. Raquel fica em p\u00e2nico, quando Yvone atende e desliga uma liga\u00e7\u00e3o de seu ex-marido. <\/p>\n<p>C\u00e9sar observa Rodrigo preparando um mural com fotos da m\u00e3e. Vidinha brinca e chama Expedito de padrasto. Hilda comenta com Helena sobre o grupo de apoio para mulheres que amam demais, que pensa em sugerir para Heloisa. C\u00e9sar conversa com Onofre sobre a possibilidade de chamar Luciana para a sua equipe. Lorena comunica a Rafael, Vidinha, Diogo, Ana, Argemiro e Edwiges que assumiu o seu relacionamento e est\u00e1 vivendo junto com Expedito.<\/p>\n<p>Rafael, ironicamente, deseja felicidades e filhos ao novo casal. Lorena garante \u00e0 Ana, Argemiro e Edwiges que preferiu comunicar a todos para evitar maledic\u00eancia. Diogo e Vidinha ap\u00f3iam a m\u00e3e. Edwiges conta que est\u00e1 sofrendo muito com o preconceito da m\u00e3e de Cl\u00e1udio. Lorena pede que Ana n\u00e3o se preocupe com as diferen\u00e7as, mas sim com as semelhan\u00e7as. Rafael faz um brinde aos noivos. Come\u00e7am as aulas. Clara pede que Margareth deixe-a em paz. Cl\u00e1udio se surpreende com a beleza de Gracinha e os dois conversam cordialmente. Helena garante para Margareth que Clara e Rafaela s\u00e3o \u00f3timas alunas. <\/p>\n<p>Margareth insiste que as duas est\u00e3o morando juntas, mas Helena afirma que na escola n\u00e3o existem preconceitos. Raquel se apresenta formalmente aos alunos. Helena, T\u00e9o e Lucas almo\u00e7am juntos. Helena avisa que eles v\u00e3o se separar. T\u00e9o impede que ela fale algo sobre a ado\u00e7\u00e3o. Lucas chora, mas T\u00e9o promete que eles estar\u00e3o sempre perto dele. Onofre sugere que C\u00e9sar e Laura se casem no dia do anivers\u00e1rio dela, mas ele mostra-se evasivo. T\u00e9o fecha a cara ao ver Salete e Fernanda entrando no Nick Bar.  <\/p>\n<p>(*) edi\u00e7\u00e3o das novelas da Globo, &#8220;Mulheres Apaixonadas&#8221;, sujeito a altera\u00e7\u00e3o de data e conte\u00fado.<\/p>\n<p>Sinopse &#8220;Mulheres Apaixonadas&#8221;: Helena vive um casamento com T\u00e9o e passa a se questionar se \u00e9 feliz. Helena tem duas irm\u00e3s, Hilda e Helo\u00edsa, tamb\u00e9m casadas. Hilda \u00e9 casada com Leandro e Helo\u00edsa \u00e9 casada com S\u00e9rgio, por quem nutre um ci\u00fame doentio. Grandes amigas, as tr\u00eas irm\u00e3s compartilham suas ang\u00fastias e incertezas sobre o futuro e a felicidade. <\/p>\n<p>Helena desconfia de um caso de T\u00e9o com Fernanda, uma ex-garota de programa. Deste relacionamento nasceu Lucas, filho adotivo do casal, fato que Helena desconhece mas que acaba por descobrir depois da morte de Fernanda. Helena reencontra C\u00e9sar, um antigo namorado. C\u00e9sar, que ficou vi\u00favo, est\u00e1 morando na mesma cidade. C\u00e9sar se ressentiu pelo abandono que sofreu por Helena e tornou-se um homem rude.<\/p>\n","protected":false},"excerpt":{"rendered":"<p>Resumo da novela &#8220;Mulheres Apaixonadas&#8221; em 07\/07: no cap\u00edtulo 030(*) da novela, T\u00e9o e Helena conversam. Ela garante que a separa\u00e7\u00e3o \u00e9 realmente a melhor solu\u00e7\u00e3o para os dois. T\u00e9o deixa claro que o casamento deles foi muito bom. Wilma aconselha Fernanda a investir em T\u00e9o. Helo\u00edsa garante a S\u00e9rgio que vai mudar e voltar [&hellip;]<\/p>\n","protected":false},"author":5,"featured_media":233056,"comment_status":"closed","ping_status":"closed","sticky":false,"template":"","format":"standard","meta":{"tdm_status":"","tdm_grid_status":"","footnotes":""},"categories":[2307,379,375,2025,343],"tags":[441],"class_list":{"0":"post-234556","1":"post","2":"type-post","3":"status-publish","4":"format-standard","5":"has-post-thumbnail","7":"category-mulheres-apaixonadas","8":"category-novelas","9":"category-rede-globo","10":"category-resumo","11":"category-televisao","12":"tag-resumo-do-dia"},"_links":{"self":[{"href":"https:\/\/migracao.redenoticia.com.br\/noticia\/wp-json\/wp\/v2\/posts\/234556","targetHints":{"allow":["GET"]}}],"collection":[{"href":"https:\/\/migracao.redenoticia.com.br\/noticia\/wp-json\/wp\/v2\/posts"}],"about":[{"href":"https:\/\/migracao.redenoticia.com.br\/noticia\/wp-json\/wp\/v2\/types\/post"}],"author":[{"embeddable":true,"href":"https:\/\/migracao.redenoticia.com.br\/noticia\/wp-json\/wp\/v2\/users\/5"}],"replies":[{"embeddable":true,"href":"https:\/\/migracao.redenoticia.com.br\/noticia\/wp-json\/wp\/v2\/comments?post=234556"}],"version-history":[{"count":0,"href":"https:\/\/migracao.redenoticia.com.br\/noticia\/wp-json\/wp\/v2\/posts\/234556\/revisions"}],"wp:featuredmedia":[{"embeddable":true,"href":"https:\/\/migracao.redenoticia.com.br\/noticia\/wp-json\/wp\/v2\/media\/233056"}],"wp:attachment":[{"href":"https:\/\/migracao.redenoticia.com.br\/noticia\/wp-json\/wp\/v2\/media?parent=234556"}],"wp:term":[{"taxonomy":"category","embeddable":true,"href":"https:\/\/migracao.redenoticia.com.br\/noticia\/wp-json\/wp\/v2\/categories?post=234556"},{"taxonomy":"post_tag","embeddable":true,"href":"https:\/\/migracao.redenoticia.com.br\/noticia\/wp-json\/wp\/v2\/tags?post=234556"}],"curies":[{"name":"wp","href":"https:\/\/api.w.org\/{rel}","templated":true}]}}