{"id":234621,"date":"2023-07-08T14:54:45","date_gmt":"2023-07-08T17:54:45","guid":{"rendered":"https:\/\/www.redenoticia.com.br\/noticia\/?p=234621"},"modified":"2023-07-08T22:19:04","modified_gmt":"2023-07-09T01:19:04","slug":"resumo-terra-e-paixao-10-07-ramiro-consegue-remedios-para-petra","status":"publish","type":"post","link":"https:\/\/migracao.redenoticia.com.br\/noticia\/2023\/resumo-terra-e-paixao-10-07-ramiro-consegue-remedios-para-petra\/234621","title":{"rendered":"Resumo &#8220;Terra e Paix\u00e3o&#8221; 10\/07: Ant\u00f4nio repreende Irene pelo inc\u00eandio nas terras de Aline"},"content":{"rendered":"<p><img loading=\"lazy\" decoding=\"async\" src=\"https:\/\/migracao.redenoticia.com.br\/noticia\/imagens\/novela-terra-e-paixao-resumo.jpg\" alt=\"\" width=\"1280\" height=\"720\" class=\"aligncenter size-full wp-image-231930\" srcset=\"https:\/\/migracao.redenoticia.com.br\/noticia\/imagens\/novela-terra-e-paixao-resumo.jpg 1280w, https:\/\/migracao.redenoticia.com.br\/noticia\/imagens\/novela-terra-e-paixao-resumo-250x140.jpg 250w, https:\/\/migracao.redenoticia.com.br\/noticia\/imagens\/novela-terra-e-paixao-resumo-400x225.jpg 400w, https:\/\/migracao.redenoticia.com.br\/noticia\/imagens\/novela-terra-e-paixao-resumo-768x432.jpg 768w, https:\/\/migracao.redenoticia.com.br\/noticia\/imagens\/novela-terra-e-paixao-resumo-150x84.jpg 150w\" sizes=\"auto, (max-width: 1280px) 100vw, 1280px\" \/> <\/p>\n<p><strong><em>Resumo da novela &#8220;Terra e Paix\u00e3o&#8221;<\/em><\/strong> em 10\/07: no cap\u00edtulo 055(*) da novela, incentivada por Caio e Jonatas, Aline decide seguir em frente e pede aos amigos para ajud\u00e1-la a limpar a terra. Ant\u00f4nio repreende Irene ao saber que foi a esposa quem provocou o inc\u00eandio na planta\u00e7\u00e3o de Aline. Aline estranha quando Caio diz que tem que pensar no que Daniel lhe deixou como responsabilidade. <\/p>\n<p>Irene amea\u00e7a demitir Angelina. Odilon flagra Luigi no quarto de Anely. Marino informa a Aline que ela deve ter um dinheiro do seguro a receber. Berenice encontra Ant\u00f4nio. Ramiro consegue rem\u00e9dios para Petra com a ajuda de Kelvin. Gra\u00e7a diz a Caio que teve outro sonho com Daniel, dizendo que deixaria um sinal para o irm\u00e3o.<\/p>\n<p>(*) edi\u00e7\u00e3o das novelas da Globo, &#8220;Terra e Paix\u00e3o&#8221;, sujeito a altera\u00e7\u00e3o de data e conte\u00fado.<\/p>\n<p>Sinopse &#8220;Terra e Paix\u00e3o&#8221;: Aline vive ao lado do marido Samuel e do filho Jo\u00e3o. Ap\u00f3s um atentado em sua casa, v\u00ea-se sozinha com o menino diante das terras deixadas pelo marido. Aline aprende a plantar com a ajuda de Jonatas, um amigo fiel. Al\u00e9m de contar com ele, tem ao seu lado sua m\u00e3e. Aline se aproxima dos irm\u00e3os Caio e Daniel, filhos do poderoso fazendeiro Ant\u00f4nio, com quem precisa brigar para manter suas terras. Ao lado dos dois rapazes, descobre sentimentos novos. Ant\u00f4nio La Selva \u00e9 casado com Irene com quem tem dois filhos, Daniel e Petra. Ele foi muito apaixonado por Agatha, com quem teve Caio, e culpa o rapaz pela morte da m\u00e3e no pr\u00e9-parto. <\/p>\n","protected":false},"excerpt":{"rendered":"<p>Resumo da novela &#8220;Terra e Paix\u00e3o&#8221; em 10\/07: no cap\u00edtulo 055(*) da novela, incentivada por Caio e Jonatas, Aline decide seguir em frente e pede aos amigos para ajud\u00e1-la a limpar a terra. Ant\u00f4nio repreende Irene ao saber que foi a esposa quem provocou o inc\u00eandio na planta\u00e7\u00e3o de Aline. Aline estranha quando Caio diz [&hellip;]<\/p>\n","protected":false},"author":3,"featured_media":231928,"comment_status":"closed","ping_status":"closed","sticky":false,"template":"","format":"standard","meta":{"tdm_status":"","tdm_grid_status":"","footnotes":""},"categories":[379,375,2025,343,2305],"tags":[441],"class_list":{"0":"post-234621","1":"post","2":"type-post","3":"status-publish","4":"format-standard","5":"has-post-thumbnail","7":"category-novelas","8":"category-rede-globo","9":"category-resumo","10":"category-televisao","11":"category-terra-e-paixao","12":"tag-resumo-do-dia"},"_links":{"self":[{"href":"https:\/\/migracao.redenoticia.com.br\/noticia\/wp-json\/wp\/v2\/posts\/234621","targetHints":{"allow":["GET"]}}],"collection":[{"href":"https:\/\/migracao.redenoticia.com.br\/noticia\/wp-json\/wp\/v2\/posts"}],"about":[{"href":"https:\/\/migracao.redenoticia.com.br\/noticia\/wp-json\/wp\/v2\/types\/post"}],"author":[{"embeddable":true,"href":"https:\/\/migracao.redenoticia.com.br\/noticia\/wp-json\/wp\/v2\/users\/3"}],"replies":[{"embeddable":true,"href":"https:\/\/migracao.redenoticia.com.br\/noticia\/wp-json\/wp\/v2\/comments?post=234621"}],"version-history":[{"count":0,"href":"https:\/\/migracao.redenoticia.com.br\/noticia\/wp-json\/wp\/v2\/posts\/234621\/revisions"}],"wp:featuredmedia":[{"embeddable":true,"href":"https:\/\/migracao.redenoticia.com.br\/noticia\/wp-json\/wp\/v2\/media\/231928"}],"wp:attachment":[{"href":"https:\/\/migracao.redenoticia.com.br\/noticia\/wp-json\/wp\/v2\/media?parent=234621"}],"wp:term":[{"taxonomy":"category","embeddable":true,"href":"https:\/\/migracao.redenoticia.com.br\/noticia\/wp-json\/wp\/v2\/categories?post=234621"},{"taxonomy":"post_tag","embeddable":true,"href":"https:\/\/migracao.redenoticia.com.br\/noticia\/wp-json\/wp\/v2\/tags?post=234621"}],"curies":[{"name":"wp","href":"https:\/\/api.w.org\/{rel}","templated":true}]}}